{"id":9163,"date":"2015-11-09T10:49:20","date_gmt":"2015-11-09T10:49:20","guid":{"rendered":"http:\/\/artout.ro\/reviste\/blog\/?p=9163"},"modified":"2015-11-20T09:22:40","modified_gmt":"2015-11-20T09:22:40","slug":"mozaicul-arta-uitata-a-rabdarii","status":"publish","type":"post","link":"https:\/\/artout.ro\/reviste\/blog\/mozaicul-arta-uitata-a-rabdarii\/","title":{"rendered":"Mozaicul: arta uitat\u00e3 a r\u00e3bd\u00e3rii"},"content":{"rendered":"<p>Orice ai vizita \u00een Europa, de la impresionantele vestigii romane ale Italiei, la maiestuoasele catedrale ale Fran\u0163ei \u015fi p\u00e2n\u00e3 la impresionantele muzee engleze\u015fti sau nem\u0163e\u015fti, dac\u00e3 ai inspira\u0163ia s\u00e3 prive\u015fti pe unde p\u00e3\u015fe\u015fti, sigur r\u00e3m\u00e2i mut de admira\u0163ie in fa\u0163a modelelor realizate de maie\u015ftrii mozaicari de-a lungul timpului.<\/p>\n<p>\u00centr-o lume pe fug\u00e3,\u00een care totul iese dintr-o cutie, nimic nu poate fi mai abstract dec\u00e2t r\u00e3bdarea. \u015ei exact r\u00e3bdarea este ingredientul esen\u0163ial \u00een arta mozaicului.<\/p>\n<p>Orice ai vizita \u00een Europa, de la impresionantele vestigii romane ale Italiei sau Greciei, la maiestuoasele catedrale ale Fran\u0163ei \u015fi p\u00e2n\u00e3 la impresionantele muzee engleze\u015fti sau nem\u0163e\u015fti, dac\u00e3 ai inspira\u0163ia s\u00e3 prive\u015fti pe unde p\u00e3\u015fe\u015fti, sigur r\u00e3m\u00e2i mut de admira\u0163ie in fa\u0163a minu\u0163iozit\u00e3\u0163ii modelelor \u2013 realiste, abstracte sau geometrice \u2013 realizate de maie\u015ftrii mozaicari de-a lungul timpului. Sebastian Erras\u00a0<em>( <strong>Sebastian Erras<\/strong>: <\/em><a href=\"https:\/\/instagram.com\/parisianfloors\/\"><em>https:\/\/instagram.com\/parisianfloors\/<\/em><\/a><em>)\u00a0<\/em>a devenit chiar faimos, document\u00e2nd cele mai frumoase pardoseli mozaicate din Paris. Chiar \u015fi \u00een holurile blocurilor bucure\u015ftene construite prin anii `40-`70 mai g\u00e3se\u015fti pardoseli \u2013 simpliste, ce e drept, dar totu\u015fi impresionante &#8211; din mozaic, care au poate si ele un poten\u0163ial de viralitate dac\u00e3 sunt documentate \u00eentr-un mod unic.<\/p>\n<p><a href=\"https:\/\/artout.ro\/reviste\/blog\/wp-content\/uploads\/2015\/11\/Poza-1-Villa-del-Casale.jpg\"><img loading=\"lazy\" class=\"aligncenter  wp-image-9164\" src=\"https:\/\/artout.ro\/reviste\/blog\/wp-content\/uploads\/2015\/11\/Poza-1-Villa-del-Casale.jpg\" alt=\"Poza 1 - Villa del Casale\" width=\"272\" height=\"407\" data-id=\"9164\" srcset=\"https:\/\/artout.ro\/reviste\/blog\/wp-content\/uploads\/2015\/11\/Poza-1-Villa-del-Casale.jpg 2400w, https:\/\/artout.ro\/reviste\/blog\/wp-content\/uploads\/2015\/11\/Poza-1-Villa-del-Casale-200x300.jpg 200w, https:\/\/artout.ro\/reviste\/blog\/wp-content\/uploads\/2015\/11\/Poza-1-Villa-del-Casale-682x1024.jpg 682w, https:\/\/artout.ro\/reviste\/blog\/wp-content\/uploads\/2015\/11\/Poza-1-Villa-del-Casale-624x936.jpg 624w, https:\/\/artout.ro\/reviste\/blog\/wp-content\/uploads\/2015\/11\/Poza-1-Villa-del-Casale-900x1350.jpg 900w\" sizes=\"(max-width: 272px) 100vw, 272px\" \/><\/a><\/p>\n<p><em>(Villa del Casale, Sicilia, Italia)<\/em><\/p>\n<p><em>Sursa: <\/em><a href=\"http:\/\/www.italiannotebook.com\/\"><em>www.italiannotebook.com<\/em><\/a><\/p>\n<p>Pablo Picasso spunea c\u00e3 \u201escopul artei este s\u00e3 spele praful existen\u0163ei zilnice din sufletul nostru\u201d. Presupun c\u00e3 \u00een acest spirit al\u00e3turi de dragostea de frumos, am sim\u0163it mereu un imbold s\u00e3 m\u00e3 exprim prin art\u00e3, nu doar s\u00e3 o contemplu pasiv. Din p\u00e3cate, semnalele primite la \u015fcoal\u00e3 sau de la cunoscu\u0163i nu p\u00e3reau s\u00e3 m\u00e3 recomande pentru o carier\u00e3 ilustr\u00e3 \u00een domeniul artelor, a\u015fa c\u00e3 nu v\u00e3 pute\u0163iinchipui fericirea pe care am sim\u0163it-o c\u00e2nd,\u00een urma unui atelierde c\u00e2teva zile de mozaic, pe care l-am \u00eenceput cu mare scepticism, am realizat c\u00e3 pe l\u00e2ng\u00e3 un dram de sim\u0163 artistic \u015fi geometrie, de ceea ce am nevoie, defapt,ester\u00e3bdarea. A\u015fa a \u00eenceput marea mea aventur\u00e3 \u00een decorarea unor obiecte cu mozaic \u2013 de la tablouri la ghivece de flori, p\u00e2n\u00e3 la mese \u015fi b\u00e3ncu\u0163e. \u015ei cum am vrut s\u00e3 \u00eemp\u00e3rt\u00e3\u015fesc aceasta revela\u0163ie care m-a ajutat nu numai s\u00e3 m\u00e3 exprim artistic \u015fi s\u00e3 m\u00e3 relaxez profund dar \u015fi s\u00e3 dob\u00e2ndesc o cu totul alt\u00e3 apreciere pentru valoarea artei, am creat un blog <em>( <strong>blog<\/strong>:<\/em><a href=\"https:\/\/adnmosaic.wordpress.com\/\"><em>https:\/\/adnmosaic.wordpress.com\/<\/em><\/a><em>)\u00a0<\/em>care s\u00e3 \u00eei ajute pe doritori (poate chiar pe tine) s\u00e3 prind\u00e3 curaj \u015fi s\u00e3 creeze \u015fi ei ceva frumos de care s\u00e3 fie m\u00e2ndri.<\/p>\n<p>Dar pentru a ajunge \u015fi voi s\u00e3 v\u00e3 entuziasma\u0163i \u00eendeajuns de mult \u00eenc\u00e2t s\u00e3 v\u00e3 mobiliza\u0163i pentru a realiza ceva creativ din mozaic, uita\u0163i c\u00e2teva date interesante despre mozaic:<\/p>\n<ol>\n<li>Mozaicul este arta de a crea imagini cu ajutorul mai multor buc\u00e3\u0163i micu\u0163e din piatr\u00e3, sticl\u00e3 sau alte materiale. Spre deosebire de puzzle, cu care a\u0163i putea s\u00e3 \u00eel asemui\u0163i, realizarea mozaicului implic\u00e3 at\u00e2t crearea modelului, modelarea pieselor una c\u00e2te una pentru a se potrivi \u015fi utilizarea mai multor tehnici \u201eme\u015fte\u015fug\u00e3re\u015fti\u201d pentru instalare, cum ar fi chituirea.<\/li>\n<\/ol>\n<p><a href=\"https:\/\/artout.ro\/reviste\/blog\/wp-content\/uploads\/2015\/11\/Poza-2-Tesserae.jpg\"><img loading=\"lazy\" class=\"aligncenter  wp-image-9165\" src=\"https:\/\/artout.ro\/reviste\/blog\/wp-content\/uploads\/2015\/11\/Poza-2-Tesserae.jpg\" alt=\"Poza 2 - Tesserae\" width=\"409\" height=\"307\" data-id=\"9165\" srcset=\"https:\/\/artout.ro\/reviste\/blog\/wp-content\/uploads\/2015\/11\/Poza-2-Tesserae.jpg 2048w, https:\/\/artout.ro\/reviste\/blog\/wp-content\/uploads\/2015\/11\/Poza-2-Tesserae-300x225.jpg 300w, https:\/\/artout.ro\/reviste\/blog\/wp-content\/uploads\/2015\/11\/Poza-2-Tesserae-1024x768.jpg 1024w, https:\/\/artout.ro\/reviste\/blog\/wp-content\/uploads\/2015\/11\/Poza-2-Tesserae-624x468.jpg 624w, https:\/\/artout.ro\/reviste\/blog\/wp-content\/uploads\/2015\/11\/Poza-2-Tesserae-900x675.jpg 900w\" sizes=\"(max-width: 409px) 100vw, 409px\" \/><\/a><\/p>\n<p><em>(Tesserae \u2013 buc\u00e3\u0163i de mozaic)<\/em><\/p>\n<p><em>Sursa: <\/em><a href=\"http:\/\/www.helenmilesmosaics.org\/\"><em>www.helenmilesmosaics.org<\/em><\/a><\/p>\n<ol start=\"2\">\n<li>Cele mai vechi exemple de mozaic au fost descoperite \u00eentr-un templu din Mesopotamia \u015fi sunt datate a fi din a doua jum\u00e3tate al celui de-al treilea mileniu \u020a.C. (adic\u00e3 \u00een timpul erei bronzului).<\/li>\n<\/ol>\n<p><a href=\"https:\/\/artout.ro\/reviste\/blog\/wp-content\/uploads\/2015\/11\/Poza-3-Mozaic-din-conuri-din-perioada-Uruk.png\"><img loading=\"lazy\" class=\"aligncenter  wp-image-9166\" src=\"https:\/\/artout.ro\/reviste\/blog\/wp-content\/uploads\/2015\/11\/Poza-3-Mozaic-din-conuri-din-perioada-Uruk.png\" alt=\"Poza 3 - Mozaic din conuri din perioada Uruk\" width=\"442\" height=\"237\" data-id=\"9166\" srcset=\"https:\/\/artout.ro\/reviste\/blog\/wp-content\/uploads\/2015\/11\/Poza-3-Mozaic-din-conuri-din-perioada-Uruk.png 3004w, https:\/\/artout.ro\/reviste\/blog\/wp-content\/uploads\/2015\/11\/Poza-3-Mozaic-din-conuri-din-perioada-Uruk-300x160.png 300w, https:\/\/artout.ro\/reviste\/blog\/wp-content\/uploads\/2015\/11\/Poza-3-Mozaic-din-conuri-din-perioada-Uruk-1024x548.png 1024w, https:\/\/artout.ro\/reviste\/blog\/wp-content\/uploads\/2015\/11\/Poza-3-Mozaic-din-conuri-din-perioada-Uruk-624x334.png 624w, https:\/\/artout.ro\/reviste\/blog\/wp-content\/uploads\/2015\/11\/Poza-3-Mozaic-din-conuri-din-perioada-Uruk-900x482.png 900w\" sizes=\"(max-width: 442px) 100vw, 442px\" \/><\/a><\/p>\n<p><em>(Mozaic din conuri din perioada Uruk, sec. VI-IV, Mesopotamia)<\/em><\/p>\n<p><em>Sursa: http:\/\/thelanguageofarchaeology.blogspot.ro\/<\/em><\/p>\n<ol start=\"3\">\n<li>Un fapt extrem de interesant, la care nu ne-am a\u015ftepta, este c\u00e3 cele mai apreciate mozaicuri din lumea roman\u00e3 au fost realizate \u00een Africa \u015fi Siria &#8211; evident, pe c\u00e2nd erau provincii ale imperiului roman.<\/li>\n<\/ol>\n<p><a href=\"https:\/\/artout.ro\/reviste\/blog\/wp-content\/uploads\/2015\/11\/Poza-4-Mozaic-din-Lod.jpg\"><img loading=\"lazy\" class=\"aligncenter  wp-image-9167\" src=\"https:\/\/artout.ro\/reviste\/blog\/wp-content\/uploads\/2015\/11\/Poza-4-Mozaic-din-Lod.jpg\" alt=\"Poza 4  - Mozaic din Lod\" width=\"485\" height=\"491\" data-id=\"9167\" srcset=\"https:\/\/artout.ro\/reviste\/blog\/wp-content\/uploads\/2015\/11\/Poza-4-Mozaic-din-Lod.jpg 2292w, https:\/\/artout.ro\/reviste\/blog\/wp-content\/uploads\/2015\/11\/Poza-4-Mozaic-din-Lod-296x300.jpg 296w, https:\/\/artout.ro\/reviste\/blog\/wp-content\/uploads\/2015\/11\/Poza-4-Mozaic-din-Lod-1011x1024.jpg 1011w, https:\/\/artout.ro\/reviste\/blog\/wp-content\/uploads\/2015\/11\/Poza-4-Mozaic-din-Lod-624x631.jpg 624w, https:\/\/artout.ro\/reviste\/blog\/wp-content\/uploads\/2015\/11\/Poza-4-Mozaic-din-Lod-120x120.jpg 120w, https:\/\/artout.ro\/reviste\/blog\/wp-content\/uploads\/2015\/11\/Poza-4-Mozaic-din-Lod-900x910.jpg 900w\" sizes=\"(max-width: 485px) 100vw, 485px\" \/><\/a><\/p>\n<p><em>(Mozaic din Lod, Israel, cu o multitudine de animale africane)<\/em><\/p>\n<p><em>Sursa: <\/em><a href=\"http:\/\/www.lodmosaic.org\/\"><em>www.lodmosaic.org<\/em><\/a><\/p>\n<ol start=\"4\">\n<li>\u00cen perioada cre\u015ftin\u00e3, mozaicul a fost o metod\u00e3 important\u00e3 de exprimare artistic\u00e3, mozaicurile cu tematic\u00e3 religioas\u00e3 fiind cele mai prezente \u00een Rom\u00e2nia.<\/li>\n<\/ol>\n<p><a href=\"https:\/\/artout.ro\/reviste\/blog\/wp-content\/uploads\/2015\/11\/Poza-5-Paviment-m\u00e3n\u00e3stirea-de-la-Curtea-de-Arge\u015f.jpg\"><img loading=\"lazy\" class=\"aligncenter  wp-image-9168\" src=\"https:\/\/artout.ro\/reviste\/blog\/wp-content\/uploads\/2015\/11\/Poza-5-Paviment-m\u00e3n\u00e3stirea-de-la-Curtea-de-Arge\u015f.jpg\" alt=\"Poza 5 - Paviment m\u00e3n\u00e3stirea de la Curtea de Arge\u015f\" width=\"535\" height=\"284\" data-id=\"9168\" srcset=\"https:\/\/artout.ro\/reviste\/blog\/wp-content\/uploads\/2015\/11\/Poza-5-Paviment-m\u00e3n\u00e3stirea-de-la-Curtea-de-Arge\u015f.jpg 2400w, https:\/\/artout.ro\/reviste\/blog\/wp-content\/uploads\/2015\/11\/Poza-5-Paviment-m\u00e3n\u00e3stirea-de-la-Curtea-de-Arge\u015f-300x159.jpg 300w, https:\/\/artout.ro\/reviste\/blog\/wp-content\/uploads\/2015\/11\/Poza-5-Paviment-m\u00e3n\u00e3stirea-de-la-Curtea-de-Arge\u015f-1024x543.jpg 1024w, https:\/\/artout.ro\/reviste\/blog\/wp-content\/uploads\/2015\/11\/Poza-5-Paviment-m\u00e3n\u00e3stirea-de-la-Curtea-de-Arge\u015f-624x331.jpg 624w, https:\/\/artout.ro\/reviste\/blog\/wp-content\/uploads\/2015\/11\/Poza-5-Paviment-m\u00e3n\u00e3stirea-de-la-Curtea-de-Arge\u015f-900x477.jpg 900w\" sizes=\"(max-width: 535px) 100vw, 535px\" \/><\/a><\/p>\n<p><em>(Pavimental m\u00e3n\u00e3stirii de la Curtea de Arge\u015f)<\/em><\/p>\n<p><em>Sursa: <\/em><a href=\"http:\/\/www.watcher.ro\/\"><em>www.watcher.ro<\/em><\/a><\/p>\n<ol start=\"5\">\n<li>Din zona oriental\u00e3, cel mai faimos mozaic este cel din Zeugma, Turcia.<\/li>\n<\/ol>\n<p><a href=\"https:\/\/artout.ro\/reviste\/blog\/wp-content\/uploads\/2015\/11\/Poza-6-\u201e\u0162ig\u00e3ncu\u015fa\u201d-Zeugma.jpg\"><img loading=\"lazy\" class=\"aligncenter  wp-image-9169\" src=\"https:\/\/artout.ro\/reviste\/blog\/wp-content\/uploads\/2015\/11\/Poza-6-\u201e\u0162ig\u00e3ncu\u015fa\u201d-Zeugma.jpg\" alt=\"Poza 6 - \u201e\u0162ig\u00e3ncu\u015fa\u201d, Zeugma\" width=\"471\" height=\"307\" data-id=\"9169\" srcset=\"https:\/\/artout.ro\/reviste\/blog\/wp-content\/uploads\/2015\/11\/Poza-6-\u201e\u0162ig\u00e3ncu\u015fa\u201d-Zeugma.jpg 3200w, https:\/\/artout.ro\/reviste\/blog\/wp-content\/uploads\/2015\/11\/Poza-6-\u201e\u0162ig\u00e3ncu\u015fa\u201d-Zeugma-300x195.jpg 300w, https:\/\/artout.ro\/reviste\/blog\/wp-content\/uploads\/2015\/11\/Poza-6-\u201e\u0162ig\u00e3ncu\u015fa\u201d-Zeugma-1024x666.jpg 1024w, https:\/\/artout.ro\/reviste\/blog\/wp-content\/uploads\/2015\/11\/Poza-6-\u201e\u0162ig\u00e3ncu\u015fa\u201d-Zeugma-624x406.jpg 624w, https:\/\/artout.ro\/reviste\/blog\/wp-content\/uploads\/2015\/11\/Poza-6-\u201e\u0162ig\u00e3ncu\u015fa\u201d-Zeugma-900x586.jpg 900w\" sizes=\"(max-width: 471px) 100vw, 471px\" \/><\/a><\/p>\n<p>(\u201e\u0162ig\u00e3ncu\u015fa\u201d)<\/p>\n<p>Sursa: Wikipedia<\/p>\n<ol start=\"6\">\n<li>Printre cele mai impresionante sunt, \u00eens\u00e3, dup\u00e3 mine, mozaicurile maure. Dac\u00e3 ave\u0163i 5 minute, recomand cu c\u00e3ldur\u00e3 filmule\u0163ul de mai jos, care v\u00e3 va face s\u00e3 ave\u0163i o cu totul alt\u00e3 apreciere pentru ceea ce vede\u0163i \u00een excursiile prin Portugalia, Spania, Tunisia sau Maroc.<\/li>\n<\/ol>\n<p>(embeded: <a href=\"https:\/\/www.youtube.com\/watch?v=oEc-ESRjntg\">https:\/\/www.youtube.com\/watch?v=oEc-ESRjntg<\/a>)<\/p>\n<p><a href=\"https:\/\/artout.ro\/reviste\/blog\/wp-content\/uploads\/2015\/11\/Poza-7-F\u00e2nt\u00e2ni-marocane.jpg\"><img loading=\"lazy\" class=\"aligncenter  wp-image-9170\" src=\"https:\/\/artout.ro\/reviste\/blog\/wp-content\/uploads\/2015\/11\/Poza-7-F\u00e2nt\u00e2ni-marocane.jpg\" alt=\"Poza 7 - F\u00e2nt\u00e2ni marocane\" width=\"544\" height=\"421\" data-id=\"9170\" srcset=\"https:\/\/artout.ro\/reviste\/blog\/wp-content\/uploads\/2015\/11\/Poza-7-F\u00e2nt\u00e2ni-marocane.jpg 2322w, https:\/\/artout.ro\/reviste\/blog\/wp-content\/uploads\/2015\/11\/Poza-7-F\u00e2nt\u00e2ni-marocane-300x232.jpg 300w, https:\/\/artout.ro\/reviste\/blog\/wp-content\/uploads\/2015\/11\/Poza-7-F\u00e2nt\u00e2ni-marocane-1024x793.jpg 1024w, https:\/\/artout.ro\/reviste\/blog\/wp-content\/uploads\/2015\/11\/Poza-7-F\u00e2nt\u00e2ni-marocane-624x483.jpg 624w, https:\/\/artout.ro\/reviste\/blog\/wp-content\/uploads\/2015\/11\/Poza-7-F\u00e2nt\u00e2ni-marocane-900x697.jpg 900w\" sizes=\"(max-width: 544px) 100vw, 544px\" \/><\/a><\/p>\n<p><em>(F\u00e2nt\u00e2ni marocane)<\/em><\/p>\n<p><em>Sursa: <\/em><a href=\"http:\/\/www.gardentourhub.gardendrum.com\/\"><em>www.gardentourhub.gardendrum.com<\/em><\/a><\/p>\n<ol start=\"7\">\n<li>Cu toate acestea, arta uitat\u00e3 a mozaicului pare s\u00e3 reinvie \u00een contextul actual, cre\u00e2nd furori de multe ori. Mozaicul a reu\u015fit s\u00e3 dep\u00e3\u015feasc\u00e3 dimensiunea arhitectural\u00e3 pe care o avea \u00een timpuri str\u00e3vechi \u015fi s\u00e3 devin\u00e3 un mijloc de exprimare nu doar pentru arti\u015fti. Dou\u00e3 din cele mai faimoase exemple de art\u00e3 mozaical\u00e3 modernist\u00e3 sunt Parcul G\u00fcell din Barcelona (evident c\u00e3 nu \u00eel puteam uita pe Gaudi c\u00e2nd ne referim la mozaic) \u015fi metroului din New York, exist\u00e2nd chiar un ghid ( <strong>ghid<\/strong>:<\/em><a href=\"http:\/\/www.nycsubway.org\/perl\/artwork\">http:\/\/www.nycsubway.org\/perl\/artwork<\/a>)al lucr\u00e3rilor prezente in sta\u0163iile lor.<\/li>\n<\/ol>\n<p><a href=\"https:\/\/artout.ro\/reviste\/blog\/wp-content\/uploads\/2015\/11\/Poza-8-Mozaic-din-Parcul-G\u00fcell.jpg\"><img loading=\"lazy\" class=\"aligncenter  wp-image-9171\" src=\"https:\/\/artout.ro\/reviste\/blog\/wp-content\/uploads\/2015\/11\/Poza-8-Mozaic-din-Parcul-G\u00fcell.jpg\" alt=\"Poza 8 - Mozaic din Parcul G\u00fcell\" width=\"453\" height=\"340\" data-id=\"9171\" srcset=\"https:\/\/artout.ro\/reviste\/blog\/wp-content\/uploads\/2015\/11\/Poza-8-Mozaic-din-Parcul-G\u00fcell.jpg 3072w, https:\/\/artout.ro\/reviste\/blog\/wp-content\/uploads\/2015\/11\/Poza-8-Mozaic-din-Parcul-G\u00fcell-300x225.jpg 300w, https:\/\/artout.ro\/reviste\/blog\/wp-content\/uploads\/2015\/11\/Poza-8-Mozaic-din-Parcul-G\u00fcell-1024x768.jpg 1024w, https:\/\/artout.ro\/reviste\/blog\/wp-content\/uploads\/2015\/11\/Poza-8-Mozaic-din-Parcul-G\u00fcell-624x468.jpg 624w, https:\/\/artout.ro\/reviste\/blog\/wp-content\/uploads\/2015\/11\/Poza-8-Mozaic-din-Parcul-G\u00fcell-900x675.jpg 900w\" sizes=\"(max-width: 453px) 100vw, 453px\" \/><\/a><\/p>\n<p><em>(Mozaic din Parcul G\u00fcell)<\/em><\/p>\n<p><em>Sursa: <a href=\"http:\/\/www.globo-rojo.com\/\">www.globo-rojo.com<\/a><\/em><\/p>\n<p>\u00cen acela\u015fi spirit cu cel al artei din metroul New Yorkez, de\u015fi mai degrab\u00e3 inspirat\u00e3 de efectul revigorant al mozaicurilor stradale din Rio de Janeiro \u2013 mai exact al sc\u00e3rilor Selar\u00f3n, am un plan de revitalizare a gangurilor din Bucure\u015fti. Dac\u00e3 a\u0163i fost inspira\u0163i de articol s\u00e3 acorda\u0163i o \u015fans\u00e3 artei mozaicului \u015fi vre\u0163i s\u00e3 participa\u0163i la un proiect( <strong>proiect<\/strong>:<\/em><a href=\"https:\/\/adnmosaic.wordpress.com\/2015\/05\/27\/revolutia-pasajelor-poate-incepe-la-street-delivery-2015\/\">https:\/\/adnmosaic.wordpress.com\/2015\/05\/27\/revolutia-pasajelor-poate-incepe-la-street-delivery-2015\/<\/a>) cu impact social pozitiv, a\u015ftept un semn de la voi \u015fi cu r\u00e3bdare \u015fi un dram de inspira\u0163ie putem sa scriem istoria Bucure\u015ftiului \u00eempreun\u00e3.<\/p>\n<p><a href=\"https:\/\/artout.ro\/reviste\/blog\/wp-content\/uploads\/2015\/11\/Poza-9-Sc\u00e3rile-Selar\u00f3n.jpg\"><img loading=\"lazy\" class=\"aligncenter  wp-image-9172\" src=\"https:\/\/artout.ro\/reviste\/blog\/wp-content\/uploads\/2015\/11\/Poza-9-Sc\u00e3rile-Selar\u00f3n.jpg\" alt=\"Poza 9 - Sc\u00e3rile Selar\u00f3n\" width=\"432\" height=\"242\" data-id=\"9172\" srcset=\"https:\/\/artout.ro\/reviste\/blog\/wp-content\/uploads\/2015\/11\/Poza-9-Sc\u00e3rile-Selar\u00f3n.jpg 608w, https:\/\/artout.ro\/reviste\/blog\/wp-content\/uploads\/2015\/11\/Poza-9-Sc\u00e3rile-Selar\u00f3n-300x168.jpg 300w\" sizes=\"(max-width: 432px) 100vw, 432px\" \/><\/a><\/p>\n<p><em>(Sc\u00e3rile Selar\u00f3n)<\/em><\/p>\n<p><em>Sursa: <a href=\"http:\/\/www.photography.nationalgeographic.com\/\">www.photography.nationalgeographic.com<\/a><\/em><\/p>\n<p>Adriana N.<\/p>\n<p>&nbsp;<\/p>\n","protected":false},"excerpt":{"rendered":"<p>Orice ai vizita \u00een Europa, de la impresionantele vestigii romane ale Italiei, la maiestuoasele catedrale&#8230;<\/p>\n","protected":false},"author":22,"featured_media":0,"comment_status":"open","ping_status":"open","sticky":false,"template":"","format":"standard","meta":[],"categories":[1],"tags":[],"_links":{"self":[{"href":"https:\/\/artout.ro\/reviste\/blog\/wp-json\/wp\/v2\/posts\/9163"}],"collection":[{"href":"https:\/\/artout.ro\/reviste\/blog\/wp-json\/wp\/v2\/posts"}],"about":[{"href":"https:\/\/artout.ro\/reviste\/blog\/wp-json\/wp\/v2\/types\/post"}],"author":[{"embeddable":true,"href":"https:\/\/artout.ro\/reviste\/blog\/wp-json\/wp\/v2\/users\/22"}],"replies":[{"embeddable":true,"href":"https:\/\/artout.ro\/reviste\/blog\/wp-json\/wp\/v2\/comments?post=9163"}],"version-history":[{"count":4,"href":"https:\/\/artout.ro\/reviste\/blog\/wp-json\/wp\/v2\/posts\/9163\/revisions"}],"predecessor-version":[{"id":9185,"href":"https:\/\/artout.ro\/reviste\/blog\/wp-json\/wp\/v2\/posts\/9163\/revisions\/9185"}],"wp:attachment":[{"href":"https:\/\/artout.ro\/reviste\/blog\/wp-json\/wp\/v2\/media?parent=9163"}],"wp:term":[{"taxonomy":"category","embeddable":true,"href":"https:\/\/artout.ro\/reviste\/blog\/wp-json\/wp\/v2\/categories?post=9163"},{"taxonomy":"post_tag","embeddable":true,"href":"https:\/\/artout.ro\/reviste\/blog\/wp-json\/wp\/v2\/tags?post=9163"}],"curies":[{"name":"wp","href":"https:\/\/api.w.org\/{rel}","templated":true}]}}