{"id":8623,"date":"2015-08-20T12:05:49","date_gmt":"2015-08-20T12:05:49","guid":{"rendered":"http:\/\/artout.ro\/reviste\/blog\/?p=8623"},"modified":"2015-08-20T12:05:49","modified_gmt":"2015-08-20T12:05:49","slug":"selfie-uri-din-secolul-al-xvii-lea","status":"publish","type":"post","link":"https:\/\/artout.ro\/reviste\/blog\/selfie-uri-din-secolul-al-xvii-lea\/","title":{"rendered":"\u201eSelfie-uri\u201d din secolul al XVII-lea"},"content":{"rendered":"<h1>\u201eSelfie-uri\u201d din secolul al XVII-lea, expuse \u00eentr-un muzeu olandez<\/h1>\n<p>&nbsp;<\/p>\n<p>Poate v\u0103 g\u00e2ndi\u0163i c\u0103 selfie-urile apar\u0163in lumii contemporane, dar un muzeu olandez vrea s\u0103 demonstreze c\u0103 originile sale dateaz\u0103 de acum c\u00e2teva secole.<\/p>\n<p>\u00centr-o viitoare expozi\u0163ie, Mauritshuis din Haga, va scoate la lumin\u0103 o colec\u0163ie de autoportrete realizat\u0103 de arti\u015fti renumi\u0163i, precum Rembrandt, Jan Steen, Carel Fabritius \u015fi Gerrit Dou, reprezentan\u0163i ai picturii olandeze din Secolul de Aur (sec. al XVII-lea).<\/p>\n<p>Autoportretul era foarte popular printre pictorii olandezi din acea perioad\u0103. Rembrandt a pictat \u015fi a desenat o mul\u0163ime de-a lungul vie\u0163ii, contur\u00e2nd toate etapele tranzi\u0163iei sale de la un t\u00e2n\u0103r genial \u015fi \u00eencrez\u0103tor la un om dezam\u0103git \u015fi falit.<\/p>\n<p>Expozi\u0163ia numit\u0103 \u201cAutoportrete olandeze \u2013 selfie-uri din Secolul de Aur\u201d va reuni 27 de lucr\u0103ri, dintre care majoritatea \u00eemprumutate, care arat\u0103 felul \u00een care pictorii au ales s\u0103 se autoreprezinte \u2013 ca burghezi \u00eenst\u0103ri\u0163i, famili\u015fti, v\u00e2n\u0103tori sau pictori profesioni\u015fti.<\/p>\n<p>\u201eDac\u0103 \u00een zilele noastre oricine posed\u0103 un smartphone \u00ee\u015fi poate face un selfie, pe atunci autoportretul era rezervat celor cu abilit\u0103\u0163i artistice extraordinare\u201d, au men\u0163ionat organizatorii expozi\u0163iei. Dar un singur lucru a r\u0103mas neschimbat: faptul c\u0103 autorii au libertatea s\u0103 \u00ee\u015fi aleag\u0103 modul \u00een care vor s\u0103 se autoreprezinte. Acest lucru se aplic\u0103 tuturor autoportretelor, de la privirea posesiv\u0103 a lui Boschaert \u00een opera sa din 1630, \u00een care \u00ee\u015fi \u0163ine str\u00e2ns acuarelele, la <em>duckface<\/em>-ul actual.<\/p>\n<p>Expozi\u0163ia va fi inaugurat\u0103 pe 8 octombrie 2015, la Mauritshuis, gazda unora dintre cele mai importante colec\u0163ii de pictur\u0103 ale Secolului de Aur olandez, incluz\u00e2nd \u201eFata cu cercel de perl\u0103\u201d a lui Vermeer. Expozi\u0163ia urmeaz\u0103 a fi deschis\u0103 p\u00e2n\u0103 pe 3 ianuarie 2016.<\/p>\n<p>Sursa\u00a0: http:\/\/www.reuters.com\/article\/2015\/07\/23\/us-dutch-museum-idUSKCN0PX29320150723<\/p>\n<p>Elisa Maxim<\/p>\n","protected":false},"excerpt":{"rendered":"<p>\u201eSelfie-uri\u201d din secolul al XVII-lea, expuse \u00eentr-un muzeu olandez &nbsp; Poate v\u0103 g\u00e2ndi\u0163i c\u0103 selfie-urile&#8230;<\/p>\n","protected":false},"author":1,"featured_media":8624,"comment_status":"open","ping_status":"open","sticky":false,"template":"","format":"standard","meta":[],"categories":[14],"tags":[5128,5125,4873,4872,848,5126,5124,5127,5122,1654,5123,5121,5129],"_links":{"self":[{"href":"https:\/\/artout.ro\/reviste\/blog\/wp-json\/wp\/v2\/posts\/8623"}],"collection":[{"href":"https:\/\/artout.ro\/reviste\/blog\/wp-json\/wp\/v2\/posts"}],"about":[{"href":"https:\/\/artout.ro\/reviste\/blog\/wp-json\/wp\/v2\/types\/post"}],"author":[{"embeddable":true,"href":"https:\/\/artout.ro\/reviste\/blog\/wp-json\/wp\/v2\/users\/1"}],"replies":[{"embeddable":true,"href":"https:\/\/artout.ro\/reviste\/blog\/wp-json\/wp\/v2\/comments?post=8623"}],"version-history":[{"count":1,"href":"https:\/\/artout.ro\/reviste\/blog\/wp-json\/wp\/v2\/posts\/8623\/revisions"}],"predecessor-version":[{"id":8625,"href":"https:\/\/artout.ro\/reviste\/blog\/wp-json\/wp\/v2\/posts\/8623\/revisions\/8625"}],"wp:featuredmedia":[{"embeddable":true,"href":"https:\/\/artout.ro\/reviste\/blog\/wp-json\/wp\/v2\/media\/8624"}],"wp:attachment":[{"href":"https:\/\/artout.ro\/reviste\/blog\/wp-json\/wp\/v2\/media?parent=8623"}],"wp:term":[{"taxonomy":"category","embeddable":true,"href":"https:\/\/artout.ro\/reviste\/blog\/wp-json\/wp\/v2\/categories?post=8623"},{"taxonomy":"post_tag","embeddable":true,"href":"https:\/\/artout.ro\/reviste\/blog\/wp-json\/wp\/v2\/tags?post=8623"}],"curies":[{"name":"wp","href":"https:\/\/api.w.org\/{rel}","templated":true}]}}