{"id":7043,"date":"2015-01-30T06:34:40","date_gmt":"2015-01-30T06:34:40","guid":{"rendered":"http:\/\/artout.ro\/reviste\/blog\/?p=7043"},"modified":"2015-01-30T06:35:19","modified_gmt":"2015-01-30T06:35:19","slug":"musicalul-fantoma-de-la-operaa-cucerit-publicul-bucurestean","status":"publish","type":"post","link":"https:\/\/artout.ro\/reviste\/blog\/musicalul-fantoma-de-la-operaa-cucerit-publicul-bucurestean\/","title":{"rendered":"Musicalul ,,Fantoma de la Opera&#8221; a cucerit publicul bucure\u0219tean"},"content":{"rendered":"<p>Cea mai de succes produc\u021bie de divertisment din toate timpurile, musicalul,,Fantoma de la Opera\u201d de Andrew Lloyd Webber, i-a cucerit s\u00e2mb\u0103t\u0103 sear\u0103 \u0219i pe spectatorii bucure\u0219teni care au asistat la premiera na\u021bional\u0103 a acestei produc\u021bii, premiera acestui musical marc\u00e2nd totodat\u0103 \u0219i inaugurarea noii s\u0103li de spectacole a Teatrului de Operet\u0103 \u0219i Musical ,,Ion Dacian\u201d.<\/p>\n<p>Pus \u00een scen\u0103 de regizorul australian Stephen Barlow \u0219i av\u00e2ndu-i \u00een rolurile principale pe Adrian Nour, Irina Baian\u021b \u0219i Florin Ristei, musicalul ,,Fantoma de la Opera\u201d a fost una dintre cele mai a\u0219teptate premiere petrecute \u00een ultimii ani la Bucure\u0219ti, biletele pentru primele opt reprezenta\u021bii fiind v\u00e2ndute \u00een doar c\u00e2teva ore. Abordarea regizoral\u0103 original\u0103, interpretarea arti\u0219tilor care au transmis dincolo de scen\u0103 propriile emo\u021bii, decorurile \u00eenc\u00e2nt\u0103toare \u0219i costumele superbe au f\u0103cut ca spectacolul din seara premierei s\u0103 fie \u00een primul r\u00e2nd un succes din punct de vedere al calit\u0103\u021bii actului artistic, cei peste 600 de spectatori prezen\u021bi \u00een sal\u0103 fiind fiind fascina\u021bi de cele petrecute pe scen\u0103 \u0219i r\u0103spl\u0103tindu-i la final pe protagoni\u0219ti cu aplauze furtunoase.<\/p>\n<figure id=\"attachment_7044\" aria-describedby=\"caption-attachment-7044\" style=\"width: 300px\" class=\"wp-caption aligncenter\"><a href=\"https:\/\/artout.ro\/reviste\/blog\/wp-content\/uploads\/2015\/01\/DSC_0683.jpg\"><img loading=\"lazy\" data-id=\"7044\"  src=\"https:\/\/artout.ro\/reviste\/blog\/wp-content\/uploads\/2015\/01\/DSC_0683-300x200.jpg\" alt=\"&#039;Foto premiera ,,Fantoma de la Opera&quot;. Credit foto: GIN PHOTO.&#039;\" width=\"300\" height=\"200\" class=\"size-medium wp-image-7044\" srcset=\"https:\/\/artout.ro\/reviste\/blog\/wp-content\/uploads\/2015\/01\/DSC_0683-300x200.jpg 300w, https:\/\/artout.ro\/reviste\/blog\/wp-content\/uploads\/2015\/01\/DSC_0683-1024x683.jpg 1024w, https:\/\/artout.ro\/reviste\/blog\/wp-content\/uploads\/2015\/01\/DSC_0683-624x416.jpg 624w, https:\/\/artout.ro\/reviste\/blog\/wp-content\/uploads\/2015\/01\/DSC_0683-900x600.jpg 900w, https:\/\/artout.ro\/reviste\/blog\/wp-content\/uploads\/2015\/01\/DSC_0683.jpg 1500w\" sizes=\"(max-width: 300px) 100vw, 300px\" \/><\/a><figcaption id=\"caption-attachment-7044\" class=\"wp-caption-text\">&#8216;Foto premiera ,,Fantoma de la Opera&#8221;. Credit foto: GIN PHOTO.&#8217;<\/figcaption><\/figure>\n<p>Nu doar spectacolul prezentat pe noua scen\u0103 a constituit o surpriz\u0103 pl\u0103cut\u0103 pentru invita\u021bii prezen\u021bi ci \u0219i felul \u00een care a fost amenajat interiorul noului teatru. Av\u00e2nd un stil arhitectural total diferit de felul \u00een care arat\u0103 teatrele de stat din Rom\u00e2nia, interioarele noii cl\u0103diri beneficiaz\u0103 de un design ultramodern \u00een care accentele vintage-\u0219ic se \u00eembin\u0103 cu cele urbane, iar ideea de spa\u021biu destinat spectacolelor muzicale este punctat\u0103 \u0219i din punct de vedere vizual cu ajutorul unor inedite elemente de decor printre care \u0219i un candelabru imens realizat din instrumente muzicale. Sala de spectacole, cu o capacitate de de 550 de locuri pe scaune care asigur\u0103 o vizibilitate excelent\u0103 \u0219i o acustic\u0103 adecvat\u0103, dar \u0219i scena generoas\u0103 \u0219i dotat\u0103 cu toate mijlocele tehnice necesare realiz\u0103rii unor produc\u021bii muzicale de o complexitate foarte ridicat\u0103 precum este \u0219i musicalul ,,Fantoma de la Opera\u201d au fost de asemenea apreciate de spectatorii pasiona\u021bi de artele spectacolului muzical.<\/p>\n<p><div id='gallery-1' class='gallery galleryid-7043 gallery-columns-3 gallery-size-thumbnail'><figure class='gallery-item'>\n\t\t\t<div class='gallery-icon portrait'>\n\t\t\t\t<a href='https:\/\/artout.ro\/reviste\/blog\/musicalul-fantoma-de-la-operaa-cucerit-publicul-bucurestean\/dsc_4609\/'><img width=\"150\" height=\"150\" src=\"https:\/\/artout.ro\/reviste\/blog\/wp-content\/uploads\/2015\/01\/DSC_4609-150x150.jpg\" class=\"attachment-thumbnail size-thumbnail\" alt=\"\" loading=\"lazy\" srcset=\"https:\/\/artout.ro\/reviste\/blog\/wp-content\/uploads\/2015\/01\/DSC_4609-150x150.jpg 150w, https:\/\/artout.ro\/reviste\/blog\/wp-content\/uploads\/2015\/01\/DSC_4609-144x144.jpg 144w, https:\/\/artout.ro\/reviste\/blog\/wp-content\/uploads\/2015\/01\/DSC_4609-120x120.jpg 120w\" sizes=\"(max-width: 150px) 100vw, 150px\" \/><\/a>\n\t\t\t<\/div><\/figure><figure class='gallery-item'>\n\t\t\t<div class='gallery-icon landscape'>\n\t\t\t\t<a href='https:\/\/artout.ro\/reviste\/blog\/musicalul-fantoma-de-la-operaa-cucerit-publicul-bucurestean\/dsc_4656\/'><img width=\"150\" height=\"150\" src=\"https:\/\/artout.ro\/reviste\/blog\/wp-content\/uploads\/2015\/01\/DSC_4656-150x150.jpg\" class=\"attachment-thumbnail size-thumbnail\" alt=\"\" loading=\"lazy\" srcset=\"https:\/\/artout.ro\/reviste\/blog\/wp-content\/uploads\/2015\/01\/DSC_4656-150x150.jpg 150w, https:\/\/artout.ro\/reviste\/blog\/wp-content\/uploads\/2015\/01\/DSC_4656-144x144.jpg 144w, https:\/\/artout.ro\/reviste\/blog\/wp-content\/uploads\/2015\/01\/DSC_4656-120x120.jpg 120w\" sizes=\"(max-width: 150px) 100vw, 150px\" \/><\/a>\n\t\t\t<\/div><\/figure><figure class='gallery-item'>\n\t\t\t<div class='gallery-icon landscape'>\n\t\t\t\t<a href='https:\/\/artout.ro\/reviste\/blog\/musicalul-fantoma-de-la-operaa-cucerit-publicul-bucurestean\/dsc_9548\/'><img width=\"150\" height=\"150\" src=\"https:\/\/artout.ro\/reviste\/blog\/wp-content\/uploads\/2015\/01\/DSC_9548-150x150.jpg\" class=\"attachment-thumbnail size-thumbnail\" alt=\"\" loading=\"lazy\" srcset=\"https:\/\/artout.ro\/reviste\/blog\/wp-content\/uploads\/2015\/01\/DSC_9548-150x150.jpg 150w, https:\/\/artout.ro\/reviste\/blog\/wp-content\/uploads\/2015\/01\/DSC_9548-144x144.jpg 144w, https:\/\/artout.ro\/reviste\/blog\/wp-content\/uploads\/2015\/01\/DSC_9548-120x120.jpg 120w\" sizes=\"(max-width: 150px) 100vw, 150px\" \/><\/a>\n\t\t\t<\/div><\/figure><figure class='gallery-item'>\n\t\t\t<div class='gallery-icon portrait'>\n\t\t\t\t<a href='https:\/\/artout.ro\/reviste\/blog\/musicalul-fantoma-de-la-operaa-cucerit-publicul-bucurestean\/dsc_9851\/'><img width=\"150\" height=\"150\" src=\"https:\/\/artout.ro\/reviste\/blog\/wp-content\/uploads\/2015\/01\/DSC_9851-150x150.jpg\" class=\"attachment-thumbnail size-thumbnail\" alt=\"\" loading=\"lazy\" srcset=\"https:\/\/artout.ro\/reviste\/blog\/wp-content\/uploads\/2015\/01\/DSC_9851-150x150.jpg 150w, https:\/\/artout.ro\/reviste\/blog\/wp-content\/uploads\/2015\/01\/DSC_9851-144x144.jpg 144w, https:\/\/artout.ro\/reviste\/blog\/wp-content\/uploads\/2015\/01\/DSC_9851-120x120.jpg 120w\" sizes=\"(max-width: 150px) 100vw, 150px\" \/><\/a>\n\t\t\t<\/div><\/figure><figure class='gallery-item'>\n\t\t\t<div class='gallery-icon landscape'>\n\t\t\t\t<a href='https:\/\/artout.ro\/reviste\/blog\/musicalul-fantoma-de-la-operaa-cucerit-publicul-bucurestean\/dsc_0831\/'><img width=\"150\" height=\"150\" src=\"https:\/\/artout.ro\/reviste\/blog\/wp-content\/uploads\/2015\/01\/DSC_0831-150x150.jpg\" class=\"attachment-thumbnail size-thumbnail\" alt=\"\" loading=\"lazy\" aria-describedby=\"gallery-1-7045\" srcset=\"https:\/\/artout.ro\/reviste\/blog\/wp-content\/uploads\/2015\/01\/DSC_0831-150x150.jpg 150w, https:\/\/artout.ro\/reviste\/blog\/wp-content\/uploads\/2015\/01\/DSC_0831-144x144.jpg 144w, https:\/\/artout.ro\/reviste\/blog\/wp-content\/uploads\/2015\/01\/DSC_0831-120x120.jpg 120w\" sizes=\"(max-width: 150px) 100vw, 150px\" \/><\/a>\n\t\t\t<\/div>\n\t\t\t\t<figcaption class='wp-caption-text gallery-caption' id='gallery-1-7045'>\n\t\t\t\t&#8216;Foto premiera ,,Fantoma de la Opera&#8221;. Credit foto: GIN PHOTO.&#8217;\n\t\t\t\t<\/figcaption><\/figure><figure class='gallery-item'>\n\t\t\t<div class='gallery-icon landscape'>\n\t\t\t\t<a href='https:\/\/artout.ro\/reviste\/blog\/musicalul-fantoma-de-la-operaa-cucerit-publicul-bucurestean\/dsc_1260\/'><img width=\"150\" height=\"150\" src=\"https:\/\/artout.ro\/reviste\/blog\/wp-content\/uploads\/2015\/01\/DSC_1260-150x150.jpg\" class=\"attachment-thumbnail size-thumbnail\" alt=\"\" loading=\"lazy\" srcset=\"https:\/\/artout.ro\/reviste\/blog\/wp-content\/uploads\/2015\/01\/DSC_1260-150x150.jpg 150w, https:\/\/artout.ro\/reviste\/blog\/wp-content\/uploads\/2015\/01\/DSC_1260-144x144.jpg 144w, https:\/\/artout.ro\/reviste\/blog\/wp-content\/uploads\/2015\/01\/DSC_1260-120x120.jpg 120w\" sizes=\"(max-width: 150px) 100vw, 150px\" \/><\/a>\n\t\t\t<\/div><\/figure>\n\t\t<\/div>\n<br \/>\nFANTOMA DE LA OPER\u0102<br \/>\nMuzica: Andrew Lloyd Webber<br \/>\nVersuri: Charles Hart<br \/>\nVersuri suplimentare: Richard Stilgoe<br \/>\nLibret: Richard Stilgoe \u0219i Andrew Lloyd Webber<br \/>\nDup\u0103 romanul \u201eFantoma de la Oper\u0103\u201d de Gaston Leroux<br \/>\nRegia: Stephen Barlow<br \/>\nScenografia: Andrew Riley<br \/>\nCoregrafia: Ewan Jones<br \/>\nLighting design: Howard Hudson<br \/>\nDirijor: Istv\u00e1n Sill\u00f3 \/ Ciprian Teodora\u0219cu<br \/>\nTraducerea \u0219i adaptarea: Ernest Fazekas<\/p>\n<p>Regizat ini\u021bial de Harold Prince | Orchestra\u021bia de David Cullen \u0219i Andrew Lloyd Webber<br \/>\nProduc\u021bie original\u0103 de Cameron Mackintosh Ltd. &#038; The Really Useful Group Ltd.<\/p>\n<p>Distribu\u021bia premierei:<\/p>\n<p>Fantoma: Adrian Nour<br \/>\nChristine Daa\u00e9: Irina Baian\u021b<br \/>\nRaoul, Viconte de Chagny: Florin Ristei<br \/>\nMonsieur Andr\u00e9: Andrei Laz\u0103r<br \/>\nMonsieur Firmin: Valentino Tiron<br \/>\nCarlotta Giudicelli: Gabriela Daha<br \/>\nUbaldo Piangi: Samuel Druhora<br \/>\nMadame Giry: Dana Rotaru<br \/>\nMeg Giry: Alexandra Giurc\u0103<\/p>\n<p>Cu participarea Orchestrei, Corului \u0219i Baletului Teatrului de Operet\u0103 \u0219i Musical ,,Ion Dacian\u201d.<\/p>\n<p>Teatrul de Operet\u0103 \u0219i Musical \u201eIon Dacian\u201d este o companie a Operei Na\u021bionale Bucure\u0219ti.<\/p>\n<figure id=\"attachment_7051\" aria-describedby=\"caption-attachment-7051\" style=\"width: 300px\" class=\"wp-caption aligncenter\"><a href=\"https:\/\/artout.ro\/reviste\/blog\/wp-content\/uploads\/2015\/01\/DSC_1047.jpg\"><img loading=\"lazy\" data-id=\"7051\"  src=\"https:\/\/artout.ro\/reviste\/blog\/wp-content\/uploads\/2015\/01\/DSC_1047-300x200.jpg\" alt=\"&#039;Foto premiera ,,Fantoma de la Opera&quot;. Credit foto: GIN PHOTO.&#039;\" width=\"300\" height=\"200\" class=\"size-medium wp-image-7051\" srcset=\"https:\/\/artout.ro\/reviste\/blog\/wp-content\/uploads\/2015\/01\/DSC_1047-300x200.jpg 300w, https:\/\/artout.ro\/reviste\/blog\/wp-content\/uploads\/2015\/01\/DSC_1047-1024x683.jpg 1024w, https:\/\/artout.ro\/reviste\/blog\/wp-content\/uploads\/2015\/01\/DSC_1047-624x416.jpg 624w, https:\/\/artout.ro\/reviste\/blog\/wp-content\/uploads\/2015\/01\/DSC_1047-900x600.jpg 900w, https:\/\/artout.ro\/reviste\/blog\/wp-content\/uploads\/2015\/01\/DSC_1047.jpg 1500w\" sizes=\"(max-width: 300px) 100vw, 300px\" \/><\/a><figcaption id=\"caption-attachment-7051\" class=\"wp-caption-text\">&#8216;Foto premiera ,,Fantoma de la Opera&#8221;. Credit foto: GIN PHOTO.&#8217;<\/figcaption><\/figure>\n","protected":false},"excerpt":{"rendered":"<p>Cea mai de succes produc\u021bie de divertisment din toate timpurile, musicalul,,Fantoma de la Opera\u201d de&#8230;<\/p>\n","protected":false},"author":1,"featured_media":7045,"comment_status":"open","ping_status":"open","sticky":false,"template":"","format":"standard","meta":[],"categories":[14],"tags":[4281,4275,4269,278,4283,573,4257,4280,4282,2631,4268,4277,2913,4284,4278,4267,4276,1214,1452,1556,1566,3950,1702,4272,4270,2491,3369,2526,4274,1910,4271,4273,4279,2741,2070],"_links":{"self":[{"href":"https:\/\/artout.ro\/reviste\/blog\/wp-json\/wp\/v2\/posts\/7043"}],"collection":[{"href":"https:\/\/artout.ro\/reviste\/blog\/wp-json\/wp\/v2\/posts"}],"about":[{"href":"https:\/\/artout.ro\/reviste\/blog\/wp-json\/wp\/v2\/types\/post"}],"author":[{"embeddable":true,"href":"https:\/\/artout.ro\/reviste\/blog\/wp-json\/wp\/v2\/users\/1"}],"replies":[{"embeddable":true,"href":"https:\/\/artout.ro\/reviste\/blog\/wp-json\/wp\/v2\/comments?post=7043"}],"version-history":[{"count":3,"href":"https:\/\/artout.ro\/reviste\/blog\/wp-json\/wp\/v2\/posts\/7043\/revisions"}],"predecessor-version":[{"id":7054,"href":"https:\/\/artout.ro\/reviste\/blog\/wp-json\/wp\/v2\/posts\/7043\/revisions\/7054"}],"wp:featuredmedia":[{"embeddable":true,"href":"https:\/\/artout.ro\/reviste\/blog\/wp-json\/wp\/v2\/media\/7045"}],"wp:attachment":[{"href":"https:\/\/artout.ro\/reviste\/blog\/wp-json\/wp\/v2\/media?parent=7043"}],"wp:term":[{"taxonomy":"category","embeddable":true,"href":"https:\/\/artout.ro\/reviste\/blog\/wp-json\/wp\/v2\/categories?post=7043"},{"taxonomy":"post_tag","embeddable":true,"href":"https:\/\/artout.ro\/reviste\/blog\/wp-json\/wp\/v2\/tags?post=7043"}],"curies":[{"name":"wp","href":"https:\/\/api.w.org\/{rel}","templated":true}]}}