{"id":5471,"date":"2014-07-05T12:19:06","date_gmt":"2014-07-05T12:19:06","guid":{"rendered":"http:\/\/artout.ro\/reviste\/blog\/?p=5471"},"modified":"2014-07-10T12:24:41","modified_gmt":"2014-07-10T12:24:41","slug":"inceput-stagiunea-estivala-la-teatrul-de-revista-constantin-tanase","status":"publish","type":"post","link":"https:\/\/artout.ro\/reviste\/blog\/inceput-stagiunea-estivala-la-teatrul-de-revista-constantin-tanase\/","title":{"rendered":"A \u00eenceput stagiunea estival\u0103 la Teatrul de Revist\u0103 \u201eConstantin T\u0103nase\u201d"},"content":{"rendered":"<p><br style=\"color: #000000;\" \/><span style=\"color: #000000;\">A \u00ceNCEPUT STAGIUNEA ESTIVAL\u0102 LA TEATRUL DE REVIST\u0102 \u201dCONSTANTIN<\/span><br style=\"color: #000000;\" \/><span style=\"color: #000000;\">T\u0102NASE\u201d!<\/span><br style=\"color: #000000;\" \/><br style=\"color: #000000;\" \/><span style=\"color: #000000;\">STELA POPESCU, ALEXANDRU AR\u0218INEL \u015eI VASILE MURARU,<\/span><br style=\"color: #000000;\" \/><br style=\"color: #000000;\" \/><span style=\"color: #000000;\">AL\u0102TURI DE ARTI\u0218TII, BALETUL \u0218I ORCHESTRA TEATRULUI DE REVIST\u0102<\/span><br style=\"color: #000000;\" \/><span style=\"color: #000000;\">\u201dCONSTANTIN T\u0102NASE\u201d\u00a0 V\u0102 INVIT\u0102 LA \u201cHOHOTE\u00a0 \u00ceN HER\u0102STR\u0102U\u201d<\/span><br style=\"color: #000000;\" \/><br style=\"color: #000000;\" \/><span style=\"color: #000000;\">\u00a0 \u00a0 \u00a0 \u00a0 \u00a0 \u00a0 \u00a0 \u00a0 \u201cHOHOTE\u00a0 \u00ceN HER\u0102STR\u0102U\u201d, CEA MAI NOU\u0102 PREMIER\u0102<\/span><br style=\"color: #000000;\" \/><span style=\"color: #000000;\">ESTIVAL\u0102 A\u00a0 TEATRULUI DE REVIST\u0102 \u201cCONSTANTIN T\u0102NASE\u201d a debutat pe<\/span><br style=\"color: #000000;\" \/><span style=\"color: #000000;\">29 iunie 2014 la TEATRUL DE VAR\u0102 \u201cHER\u0102STR\u0102U\u201d.<\/span><br style=\"color: #000000;\" \/><br style=\"color: #000000;\" \/><span style=\"color: #000000;\">Reprezenta\u021biile cu \u201cHOHOTE\u00a0 \u00ceN HER\u0102STR\u0102U\u201d sunt programate<\/span><br style=\"color: #000000;\" \/><span style=\"color: #000000;\">astfel:<\/span><br style=\"color: #000000;\" \/><br style=\"color: #000000;\" \/><span style=\"color: #000000;\">Duminic\u0103: 6 IULIE, 13 IULIE, 27 IULIE, 3 AUGUST 2014, ORA 20.00<\/span><br style=\"color: #000000;\" \/><span style=\"color: #000000;\">\u00a0 S\u00e2mb\u0103t\u0103: 19 IULIE 2014, ORA 20.00<\/span><br style=\"color: #000000;\" \/><br style=\"color: #000000;\" \/><span style=\"color: #000000;\">\u00a0 ESTE UN spectacol muzical \u2013 umoristic pe texte de MIHAI MAXIMILIAN,<\/span><br style=\"color: #000000;\" \/><span style=\"color: #000000;\">SORIN PETRESCU, SORIN TOFAN \u0219i VASILE MURARU, un spectacol de<\/span><br style=\"color: #000000;\" \/><span style=\"color: #000000;\">excep\u0163ie, cu o distribu\u0163ie de zile mari: actorii STELA POPESCU \u015eI<\/span><br style=\"color: #000000;\" \/><span style=\"color: #000000;\">ALEXANDRU AR\u0218INEL, VASILE MURARU, ADRIANA TRANDAFIR, VALENTINA F\u0102TU,<\/span><br style=\"color: #000000;\" \/><span style=\"color: #000000;\">ANA MARIA DONOSA, LILIANA MOCANU, MIRUNA BIR\u0102U, RALUCA GUSLICOV,<\/span><br style=\"color: #000000;\" \/><span style=\"color: #000000;\">MONALISA BASARAB, DIANA RADU, CRISTIAN SIMION, NAE ALEXANDRU \u015eI PAUL<\/span><br style=\"color: #000000;\" \/><span style=\"color: #000000;\">TALA\u0218MAN, INTERPRE\u0162II ADRIAN ENACHE, ALIN GHEORGHI\u0218AN, DANIELA<\/span><br style=\"color: #000000;\" \/><span style=\"color: #000000;\">T\u0102NASE, BIANCA S\u00c2RBU \u015eI RADU GHENCEA.<\/span><br style=\"color: #000000;\" \/><br style=\"color: #000000;\" \/><span style=\"color: #000000;\">\u00a0 \u00a0 \u00a0 \u00a0 \u00a0 \u00a0 ORCHESTRA TEATRULUI DE REVIST\u0102 \u201cCONSTANTIN T\u0102NASE\u201d<\/span><br style=\"color: #000000;\" \/><span style=\"color: #000000;\">(dirijor DAN DIMITRIU)\u00a0 \u015eI EXCELENTELE REPRIZE DE DANS \u015eI DE BALET<\/span><br style=\"color: #000000;\" \/><span style=\"color: #000000;\">SUS\u0162INUTE DE ANSAMBLUL DE BALET AL TEATRULUI DE REVIST\u0102 \u201cCONSTANTIN<\/span><br style=\"color: #000000;\" \/><span style=\"color: #000000;\">T\u0102NASE\u201d (coregrafia: CORNEL POPOVICI) vor completa un spectacol<\/span><br style=\"color: #000000;\" \/><span style=\"color: #000000;\">total. Scenografia apar\u0163ine ARH. THEODORA DINULESCU \u0219i ANEI IULIA<\/span><br style=\"color: #000000;\" \/><span style=\"color: #000000;\">POPOV, iar aranjamente muzicale sunt semnate de compozitorul DAN<\/span><br style=\"color: #000000;\" \/><span style=\"color: #000000;\">DIMITRIU.<\/span><br style=\"color: #000000;\" \/><br style=\"color: #000000;\" \/><span style=\"color: #000000;\">\u00a0 Regia este semnat\u0103 de CEZAR GHIOCA.<\/span><br style=\"color: #000000;\" \/><br style=\"color: #000000;\" \/><span style=\"color: #000000;\">\u00a0 STAGIUNEA ESTIVAL\u0102 a TEATRULUI DE REVIST\u0102 \u201cCONSTANTIN T\u0102NASE\u201d va<\/span><br style=\"color: #000000;\" \/><span style=\"color: #000000;\">dura p\u00e2n\u0103 pe 3 august 2014, reprezenta\u021biile fiind programate astfel:<\/span><br style=\"color: #000000;\" \/><br style=\"color: #000000;\" \/><span style=\"color: #000000;\">\u00a0 Duminic\u0103: 6 IULIE, 13 IULIE, 27 IULIE, 3 AUGUST 2014, ORA 20.00<\/span><br style=\"color: #000000;\" \/><span style=\"color: #000000;\">\u00a0 S\u00e2mb\u0103t\u0103: 19 IULIE 2014, ORA 20.00<\/span><br style=\"color: #000000;\" \/><br style=\"color: #000000;\" \/><span style=\"color: #000000;\">\u00a0 Accesul la TEATRUL DE VAR\u0102 \u201dHER\u0102STR\u0102U\u201d: zona Arcul de Triumf<\/span><br style=\"color: #000000;\" \/><br style=\"color: #000000;\" \/><span style=\"color: #000000;\">PRE\u021a BILET: 20 LEI<\/span><br style=\"color: #000000;\" \/><br style=\"color: #000000;\" \/><span style=\"color: #000000;\">REDUCERE PENTRU PENSIONARI, STUDEN\u021aI \u0218I ELEVI: 15 LEI<\/span><br style=\"color: #000000;\" \/><br style=\"color: #000000;\" \/><span style=\"color: #000000;\">PROGRAM<\/span><br style=\"color: #000000;\" \/><br style=\"color: #000000;\" \/><span style=\"color: #000000;\">CASELE DE BILETE TEATRUL DE REVIST\u0102 \u201eCONSTANTIN T\u0102NASE\u201d,<\/span><br style=\"color: #000000;\" \/><span style=\"color: #000000;\">Bucure\u015fti<\/span><br style=\"color: #000000;\" \/><br style=\"color: #000000;\" \/><span style=\"color: #000000;\">Luni \u2013 vineri, orele 9.00 \u2013 19.00<\/span><br style=\"color: #000000;\" \/><br style=\"color: #000000;\" \/><span style=\"color: #000000;\">SALA SAVOY &#8211; CALEA VICTORIEI NR. 33<\/span><br style=\"color: #000000;\" \/><br style=\"color: #000000;\" \/><span style=\"color: #000000;\">Duminic\u0103, orele 11.00 \u2013 20.00<\/span><\/p>\n","protected":false},"excerpt":{"rendered":"<p>A \u00ceNCEPUT STAGIUNEA ESTIVAL\u0102 LA TEATRUL DE REVIST\u0102 \u201dCONSTANTINT\u0102NASE\u201d!STELA POPESCU, ALEXANDRU AR\u0218INEL \u015eI VASILE MURARU,AL\u0102TURI&#8230;<\/p>\n","protected":false},"author":1,"featured_media":5472,"comment_status":"open","ping_status":"open","sticky":false,"template":"","format":"standard","meta":[],"categories":[14],"tags":[],"_links":{"self":[{"href":"https:\/\/artout.ro\/reviste\/blog\/wp-json\/wp\/v2\/posts\/5471"}],"collection":[{"href":"https:\/\/artout.ro\/reviste\/blog\/wp-json\/wp\/v2\/posts"}],"about":[{"href":"https:\/\/artout.ro\/reviste\/blog\/wp-json\/wp\/v2\/types\/post"}],"author":[{"embeddable":true,"href":"https:\/\/artout.ro\/reviste\/blog\/wp-json\/wp\/v2\/users\/1"}],"replies":[{"embeddable":true,"href":"https:\/\/artout.ro\/reviste\/blog\/wp-json\/wp\/v2\/comments?post=5471"}],"version-history":[{"count":1,"href":"https:\/\/artout.ro\/reviste\/blog\/wp-json\/wp\/v2\/posts\/5471\/revisions"}],"predecessor-version":[{"id":5473,"href":"https:\/\/artout.ro\/reviste\/blog\/wp-json\/wp\/v2\/posts\/5471\/revisions\/5473"}],"wp:featuredmedia":[{"embeddable":true,"href":"https:\/\/artout.ro\/reviste\/blog\/wp-json\/wp\/v2\/media\/5472"}],"wp:attachment":[{"href":"https:\/\/artout.ro\/reviste\/blog\/wp-json\/wp\/v2\/media?parent=5471"}],"wp:term":[{"taxonomy":"category","embeddable":true,"href":"https:\/\/artout.ro\/reviste\/blog\/wp-json\/wp\/v2\/categories?post=5471"},{"taxonomy":"post_tag","embeddable":true,"href":"https:\/\/artout.ro\/reviste\/blog\/wp-json\/wp\/v2\/tags?post=5471"}],"curies":[{"name":"wp","href":"https:\/\/api.w.org\/{rel}","templated":true}]}}