{"id":5393,"date":"2014-07-08T11:23:17","date_gmt":"2014-07-08T11:23:17","guid":{"rendered":"http:\/\/artout.ro\/reviste\/blog\/?p=5393"},"modified":"2014-07-08T11:23:17","modified_gmt":"2014-07-08T11:23:17","slug":"portul-traditional-coreean-pe-scena-casei-de-cultura-studentilor-inaintea-concertului-lunafly","status":"publish","type":"post","link":"https:\/\/artout.ro\/reviste\/blog\/portul-traditional-coreean-pe-scena-casei-de-cultura-studentilor-inaintea-concertului-lunafly\/","title":{"rendered":"Portul tradi\u0163ional coreean pe scena Casei de Cultur\u0103 a Studen\u0163ilor, \u00eenaintea concertului LUNAFLY"},"content":{"rendered":"<p><strong>Fabuloasa serie de evenimente puse la cale pentru fanii K Pop pe 24 \u015fi 25 iulie la Bucure\u015fti \u00a0ia amploare pe zi ce trece: <\/strong><\/p>\n<p><strong>Fashion showul<\/strong> este \u00een preg\u0103tire: \u0163inutele tradi\u0163ionale \u2013 hanbok \u2013 \u00een care manechinele vor defila pe podium sunt deja \u00een lucru, sub atenta \u00eendrumare a organiza\u0163iei Sarang Hangug: materiale, cu \u0163es\u0103tur\u0103 specific asiatic\u0103, au fost deja comandate, un designer specializat creeaz\u0103 tiparele ce respect\u0103 cerin\u0163ele portului tradi\u0163ional, iar \u00een final, fiecare obiect va fi armonizat prin mici detalii cu personalitatea \u015fi \u00eenf\u0103\u0163i\u015farea celei care \u00eel va purta, pentru ca spectatorii s\u0103 aib\u0103 parte de o incursiune vizual\u0103 perfect\u0103 \u00een misterioasa \u015fi fascinanta cultur\u0103 vestimentar\u0103 coreean\u0103. La final, unul dintre spectatori c\u00e2\u015ftiga, prin tragere la sor\u0163i, chiar unul din frumoasele costume \u00a0incluse \u00een defilare.<\/p>\n<p>Organizatorii au mai dezv\u0103luit c\u0103 apogeul prezent\u0103rii va fi atins atunci c\u00e2nd pe scen\u0103 vor fi purtate dou\u0103 costume de patrimoniu, care au f\u0103cut parte din garderoba regal\u0103 a Coreei de Sud. Acestea vor ajunge \u00een lumina reflectoarelor prin bun\u0103voin\u0163a Ambasadei Coreei de Sud la Bucure\u015fti iar includerea lor \u00een spectacol este o \u015fans\u0103 unic\u0103 de a le admira, oferit\u0103 celor pasiona\u0163i de cultura \u015fi civiliza\u0163ia acestei \u0163\u0103ri.<\/p>\n<p>Parada de mod\u0103 va avea loc pe 25 iulie la Casa de Cultur\u0103 a Studen\u0163ilor, la fel ca \u015fi concertul LUNAFLY.<\/p>\n<p>&nbsp;<\/p>\n<p>Informa\u0163ii despre bilete g\u0103si\u0163i mai jos:<\/p>\n<p>Categoria VIP \u2013 200 lei \u00a0\u2013 SOLD OUT<\/p>\n<p>Categoria Fan Sign \u2013 150 lei; Biletul include: sesiune de autografe (fan sign) \u015fi loc pe scaun<\/p>\n<p>Categoria Sound Check \u2013 100 lei; Biletul include acces la probele de sunet \u015fi vizionarea concertului din zona Soundcheck, cu loc pe scaun<\/p>\n<p>Categoria Normal Ticket \u2013 75 lei; Biletul ofer\u0103 acces normal cu loc pe scaun<\/p>\n<p>Categoria Acces General \u2013 40 lei; Biletul ofer\u0103 acces general, f\u0103r\u0103 loc.<\/p>\n<p>Biletele se g\u0103sesc \u00een Libr\u0103ria Eminescu, la Palatul Na\u0163ional al Copiilor, \u00een oficiile Po\u015ftei Rom\u00e2ne,\u00a0\u00een magazinele Inmedio\u00a0semnalizate Bilete.ro, \u00een magazinele Germanos, Orange, Vodafone \u015fi Diverta,\u00a0\u015fi online pe\u00a0<a href=\"http:\/\/www.bilete.ro\/\">www.bilete.ro<\/a>, <a href=\"http:\/\/www.blt.ro\/\">www.blt.ro<\/a>,\u00a0\u00a0 <a href=\"http:\/\/www.myticket.ro\/\">www.myticket.ro<\/a><span style=\"text-decoration: underline;\">\u00a0<a href=\"https:\/\/artout.ro\/reviste\/blog\/wp-content\/uploads\/2014\/07\/Hanbok.jpg\"><img loading=\"lazy\" class=\"alignnone size-medium wp-image-5395\" src=\"https:\/\/artout.ro\/reviste\/blog\/wp-content\/uploads\/2014\/07\/Hanbok-200x300.jpg\" alt=\"Hanbok\" width=\"200\" height=\"300\" data-id=\"5395\" srcset=\"https:\/\/artout.ro\/reviste\/blog\/wp-content\/uploads\/2014\/07\/Hanbok-200x300.jpg 200w, https:\/\/artout.ro\/reviste\/blog\/wp-content\/uploads\/2014\/07\/Hanbok.jpg 376w\" sizes=\"(max-width: 200px) 100vw, 200px\" \/><\/a><\/span>\u015fi <a href=\"http:\/\/www.eventim.ro\/\">www.eventim.ro<\/a><\/p>\n<p>&nbsp;<\/p>\n","protected":false},"excerpt":{"rendered":"<p>Fabuloasa serie de evenimente puse la cale pentru fanii K Pop pe 24 \u015fi 25&#8230;<\/p>\n","protected":false},"author":1,"featured_media":5394,"comment_status":"open","ping_status":"open","sticky":false,"template":"","format":"standard","meta":[],"categories":[14],"tags":[],"_links":{"self":[{"href":"https:\/\/artout.ro\/reviste\/blog\/wp-json\/wp\/v2\/posts\/5393"}],"collection":[{"href":"https:\/\/artout.ro\/reviste\/blog\/wp-json\/wp\/v2\/posts"}],"about":[{"href":"https:\/\/artout.ro\/reviste\/blog\/wp-json\/wp\/v2\/types\/post"}],"author":[{"embeddable":true,"href":"https:\/\/artout.ro\/reviste\/blog\/wp-json\/wp\/v2\/users\/1"}],"replies":[{"embeddable":true,"href":"https:\/\/artout.ro\/reviste\/blog\/wp-json\/wp\/v2\/comments?post=5393"}],"version-history":[{"count":1,"href":"https:\/\/artout.ro\/reviste\/blog\/wp-json\/wp\/v2\/posts\/5393\/revisions"}],"predecessor-version":[{"id":5396,"href":"https:\/\/artout.ro\/reviste\/blog\/wp-json\/wp\/v2\/posts\/5393\/revisions\/5396"}],"wp:featuredmedia":[{"embeddable":true,"href":"https:\/\/artout.ro\/reviste\/blog\/wp-json\/wp\/v2\/media\/5394"}],"wp:attachment":[{"href":"https:\/\/artout.ro\/reviste\/blog\/wp-json\/wp\/v2\/media?parent=5393"}],"wp:term":[{"taxonomy":"category","embeddable":true,"href":"https:\/\/artout.ro\/reviste\/blog\/wp-json\/wp\/v2\/categories?post=5393"},{"taxonomy":"post_tag","embeddable":true,"href":"https:\/\/artout.ro\/reviste\/blog\/wp-json\/wp\/v2\/tags?post=5393"}],"curies":[{"name":"wp","href":"https:\/\/api.w.org\/{rel}","templated":true}]}}