{"id":5356,"date":"2014-07-03T11:33:56","date_gmt":"2014-07-03T11:33:56","guid":{"rendered":"http:\/\/artout.ro\/reviste\/blog\/?p=5356"},"modified":"2014-07-03T11:33:56","modified_gmt":"2014-07-03T11:33:56","slug":"mari-actori-expozitie-de-mozaic-si-pictura-la-galeria-de-arta-calea-victoriei-33","status":"publish","type":"post","link":"https:\/\/artout.ro\/reviste\/blog\/mari-actori-expozitie-de-mozaic-si-pictura-la-galeria-de-arta-calea-victoriei-33\/","title":{"rendered":"\u201cMARI  ACTORI\u201d \u2013 Expozitie de mozaic \u0219i pictur\u0103 la   GALERIA de ART\u0102 &#8222;CALEA VICTORIEI 33&#8221;"},"content":{"rendered":"<p><strong>\u201cMARI\u00a0 ACTORI\u201d \u2013 Expozitie de mozaic \u0219i pictur\u0103 <\/strong>la<strong>\u00a0\u00a0<\/strong><\/p>\n<p style=\"text-align: center;\"><strong>GALERIA de ART\u0102 &#8222;CALEA VICTORIEI 33&#8221;<\/strong><\/p>\n<p>&nbsp;<\/p>\n<p><strong>\u00a0\u00a0\u00a0\u00a0\u00a0\u00a0\u00a0\u00a0\u00a0\u00a0\u00a0 Pana pe 9 august puteti vizita e<\/strong><strong>xpozi\u0163ia de mozaic <\/strong><strong>\u0219i <\/strong><strong>pictur\u0103<\/strong>\u00a0 <strong>\u201cMARI ACTORI\u201d<\/strong>a arti\u0219tilor<strong> MIRCEA TUDOR ASCIU <\/strong>\u0219i <strong>ROZALIA LENKE PUSKAS.<\/strong><\/p>\n<p><strong>\u00a0<\/strong>PROGRAM Galerie: <strong>marti \u2013 s\u00e2mb\u0103t\u0103, orele 11.00 \u2013 19.00<\/strong><\/p>\n<p><strong>\u00a0 \u00a0 \u00a0 \u00a0 \u00a0 \u00a0<\/strong><\/p>\n<div id='gallery-1' class='gallery galleryid-5356 gallery-columns-3 gallery-size-thumbnail'><figure class='gallery-item'>\n\t\t\t<div class='gallery-icon portrait'>\n\t\t\t\t<a href='https:\/\/artout.ro\/reviste\/blog\/mari-actori-expozitie-de-mozaic-si-pictura-la-galeria-de-arta-calea-victoriei-33\/afis_mari-actori_expozitie-galeria-calea-victoriei-33\/'><img width=\"150\" height=\"150\" src=\"https:\/\/artout.ro\/reviste\/blog\/wp-content\/uploads\/2014\/07\/AFIS_MARI-ACTORI_expozitie-Galeria-CALEA-VICTORIEI-33-150x150.jpg\" class=\"attachment-thumbnail size-thumbnail\" alt=\"\" loading=\"lazy\" aria-describedby=\"gallery-1-5359\" srcset=\"https:\/\/artout.ro\/reviste\/blog\/wp-content\/uploads\/2014\/07\/AFIS_MARI-ACTORI_expozitie-Galeria-CALEA-VICTORIEI-33-150x150.jpg 150w, https:\/\/artout.ro\/reviste\/blog\/wp-content\/uploads\/2014\/07\/AFIS_MARI-ACTORI_expozitie-Galeria-CALEA-VICTORIEI-33-120x120.jpg 120w\" sizes=\"(max-width: 150px) 100vw, 150px\" \/><\/a>\n\t\t\t<\/div>\n\t\t\t\t<figcaption class='wp-caption-text gallery-caption' id='gallery-1-5359'>\n\t\t\t\tAfis expozitia &#8222;Mari Actori&#8221; &#8211; Galeria Calea Victoriei 33\n\t\t\t\t<\/figcaption><\/figure><figure class='gallery-item'>\n\t\t\t<div class='gallery-icon portrait'>\n\t\t\t\t<a href='https:\/\/artout.ro\/reviste\/blog\/mari-actori-expozitie-de-mozaic-si-pictura-la-galeria-de-arta-calea-victoriei-33\/1_puskas-rozalia-lenke\/'><img width=\"150\" height=\"150\" src=\"https:\/\/artout.ro\/reviste\/blog\/wp-content\/uploads\/2014\/07\/1_PUSKAS-ROZALIA-LENKE-150x150.jpg\" class=\"attachment-thumbnail size-thumbnail\" alt=\"\" loading=\"lazy\" aria-describedby=\"gallery-1-5357\" srcset=\"https:\/\/artout.ro\/reviste\/blog\/wp-content\/uploads\/2014\/07\/1_PUSKAS-ROZALIA-LENKE-150x150.jpg 150w, https:\/\/artout.ro\/reviste\/blog\/wp-content\/uploads\/2014\/07\/1_PUSKAS-ROZALIA-LENKE-120x120.jpg 120w\" sizes=\"(max-width: 150px) 100vw, 150px\" \/><\/a>\n\t\t\t<\/div>\n\t\t\t\t<figcaption class='wp-caption-text gallery-caption' id='gallery-1-5357'>\n\t\t\t\tPuskas Rozalia Lenke\n\t\t\t\t<\/figcaption><\/figure><figure class='gallery-item'>\n\t\t\t<div class='gallery-icon portrait'>\n\t\t\t\t<a href='https:\/\/artout.ro\/reviste\/blog\/mari-actori-expozitie-de-mozaic-si-pictura-la-galeria-de-arta-calea-victoriei-33\/2-puskas-rozalia-lenke\/'><img width=\"150\" height=\"150\" src=\"https:\/\/artout.ro\/reviste\/blog\/wp-content\/uploads\/2014\/07\/2-PUSKAS-ROZALIA-LENKE-150x150.jpg\" class=\"attachment-thumbnail size-thumbnail\" alt=\"\" loading=\"lazy\" aria-describedby=\"gallery-1-5358\" srcset=\"https:\/\/artout.ro\/reviste\/blog\/wp-content\/uploads\/2014\/07\/2-PUSKAS-ROZALIA-LENKE-150x150.jpg 150w, https:\/\/artout.ro\/reviste\/blog\/wp-content\/uploads\/2014\/07\/2-PUSKAS-ROZALIA-LENKE-120x120.jpg 120w\" sizes=\"(max-width: 150px) 100vw, 150px\" \/><\/a>\n\t\t\t<\/div>\n\t\t\t\t<figcaption class='wp-caption-text gallery-caption' id='gallery-1-5358'>\n\t\t\t\tPuskas Rozalia Lenke\n\t\t\t\t<\/figcaption><\/figure><figure class='gallery-item'>\n\t\t\t<div class='gallery-icon portrait'>\n\t\t\t\t<a href='https:\/\/artout.ro\/reviste\/blog\/mari-actori-expozitie-de-mozaic-si-pictura-la-galeria-de-arta-calea-victoriei-33\/amza-pellea-de-mircea-tudor-asciu\/'><img width=\"150\" height=\"150\" src=\"https:\/\/artout.ro\/reviste\/blog\/wp-content\/uploads\/2014\/07\/AMZA-PELLEA-de-MIRCEA-TUDOR-ASCIU-150x150.jpg\" class=\"attachment-thumbnail size-thumbnail\" alt=\"\" loading=\"lazy\" aria-describedby=\"gallery-1-5360\" srcset=\"https:\/\/artout.ro\/reviste\/blog\/wp-content\/uploads\/2014\/07\/AMZA-PELLEA-de-MIRCEA-TUDOR-ASCIU-150x150.jpg 150w, https:\/\/artout.ro\/reviste\/blog\/wp-content\/uploads\/2014\/07\/AMZA-PELLEA-de-MIRCEA-TUDOR-ASCIU-120x120.jpg 120w\" sizes=\"(max-width: 150px) 100vw, 150px\" \/><\/a>\n\t\t\t<\/div>\n\t\t\t\t<figcaption class='wp-caption-text gallery-caption' id='gallery-1-5360'>\n\t\t\t\tAmza Pellea &#8211; Mircea Tudor Asciu\n\t\t\t\t<\/figcaption><\/figure><figure class='gallery-item'>\n\t\t\t<div class='gallery-icon portrait'>\n\t\t\t\t<a href='https:\/\/artout.ro\/reviste\/blog\/mari-actori-expozitie-de-mozaic-si-pictura-la-galeria-de-arta-calea-victoriei-33\/black-magic-woman-2_puskas-rozalia-lenke\/'><img width=\"150\" height=\"150\" src=\"https:\/\/artout.ro\/reviste\/blog\/wp-content\/uploads\/2014\/07\/Black-Magic-Woman-2_PUSKAS-ROZALIA-LENKE-150x150.jpg\" class=\"attachment-thumbnail size-thumbnail\" alt=\"\" loading=\"lazy\" aria-describedby=\"gallery-1-5361\" srcset=\"https:\/\/artout.ro\/reviste\/blog\/wp-content\/uploads\/2014\/07\/Black-Magic-Woman-2_PUSKAS-ROZALIA-LENKE-150x150.jpg 150w, https:\/\/artout.ro\/reviste\/blog\/wp-content\/uploads\/2014\/07\/Black-Magic-Woman-2_PUSKAS-ROZALIA-LENKE-120x120.jpg 120w\" sizes=\"(max-width: 150px) 100vw, 150px\" \/><\/a>\n\t\t\t<\/div>\n\t\t\t\t<figcaption class='wp-caption-text gallery-caption' id='gallery-1-5361'>\n\t\t\t\tBlack magic woman 2 &#8211; Puskas Rozalia Lenke\n\t\t\t\t<\/figcaption><\/figure><figure class='gallery-item'>\n\t\t\t<div class='gallery-icon portrait'>\n\t\t\t\t<a href='https:\/\/artout.ro\/reviste\/blog\/mari-actori-expozitie-de-mozaic-si-pictura-la-galeria-de-arta-calea-victoriei-33\/black-magic-woman-3_puskas-rozalia-lenke\/'><img width=\"150\" height=\"150\" src=\"https:\/\/artout.ro\/reviste\/blog\/wp-content\/uploads\/2014\/07\/Black-Magic-Woman-3_PUSKAS-ROZALIA-LENKE-150x150.jpg\" class=\"attachment-thumbnail size-thumbnail\" alt=\"\" loading=\"lazy\" aria-describedby=\"gallery-1-5362\" srcset=\"https:\/\/artout.ro\/reviste\/blog\/wp-content\/uploads\/2014\/07\/Black-Magic-Woman-3_PUSKAS-ROZALIA-LENKE-150x150.jpg 150w, https:\/\/artout.ro\/reviste\/blog\/wp-content\/uploads\/2014\/07\/Black-Magic-Woman-3_PUSKAS-ROZALIA-LENKE-120x120.jpg 120w\" sizes=\"(max-width: 150px) 100vw, 150px\" \/><\/a>\n\t\t\t<\/div>\n\t\t\t\t<figcaption class='wp-caption-text gallery-caption' id='gallery-1-5362'>\n\t\t\t\tBlack magic woman 3 &#8211; Puskas Rozalia Lenke\n\t\t\t\t<\/figcaption><\/figure><figure class='gallery-item'>\n\t\t\t<div class='gallery-icon portrait'>\n\t\t\t\t<a href='https:\/\/artout.ro\/reviste\/blog\/mari-actori-expozitie-de-mozaic-si-pictura-la-galeria-de-arta-calea-victoriei-33\/black-magic-woman_puskas-rozalia-lenke\/'><img width=\"150\" height=\"150\" src=\"https:\/\/artout.ro\/reviste\/blog\/wp-content\/uploads\/2014\/07\/Black-Magic-Woman_PUSKAS-ROZALIA-LENKE-150x150.jpg\" class=\"attachment-thumbnail size-thumbnail\" alt=\"\" loading=\"lazy\" aria-describedby=\"gallery-1-5363\" srcset=\"https:\/\/artout.ro\/reviste\/blog\/wp-content\/uploads\/2014\/07\/Black-Magic-Woman_PUSKAS-ROZALIA-LENKE-150x150.jpg 150w, https:\/\/artout.ro\/reviste\/blog\/wp-content\/uploads\/2014\/07\/Black-Magic-Woman_PUSKAS-ROZALIA-LENKE-120x120.jpg 120w\" sizes=\"(max-width: 150px) 100vw, 150px\" \/><\/a>\n\t\t\t<\/div>\n\t\t\t\t<figcaption class='wp-caption-text gallery-caption' id='gallery-1-5363'>\n\t\t\t\tBlack magic woman &#8211; Puskas Rozalia Lenke\n\t\t\t\t<\/figcaption><\/figure><figure class='gallery-item'>\n\t\t\t<div class='gallery-icon portrait'>\n\t\t\t\t<a href='https:\/\/artout.ro\/reviste\/blog\/mari-actori-expozitie-de-mozaic-si-pictura-la-galeria-de-arta-calea-victoriei-33\/colectie-privata_puskas-rozalia-lenke\/'><img width=\"150\" height=\"150\" src=\"https:\/\/artout.ro\/reviste\/blog\/wp-content\/uploads\/2014\/07\/Colectie-privata_PUSKAS-ROZALIA-LENKE-150x150.jpg\" class=\"attachment-thumbnail size-thumbnail\" alt=\"\" loading=\"lazy\" aria-describedby=\"gallery-1-5364\" srcset=\"https:\/\/artout.ro\/reviste\/blog\/wp-content\/uploads\/2014\/07\/Colectie-privata_PUSKAS-ROZALIA-LENKE-150x150.jpg 150w, https:\/\/artout.ro\/reviste\/blog\/wp-content\/uploads\/2014\/07\/Colectie-privata_PUSKAS-ROZALIA-LENKE-120x120.jpg 120w\" sizes=\"(max-width: 150px) 100vw, 150px\" \/><\/a>\n\t\t\t<\/div>\n\t\t\t\t<figcaption class='wp-caption-text gallery-caption' id='gallery-1-5364'>\n\t\t\t\tColectie privata &#8211; Puskas Rozalia Lenke\n\t\t\t\t<\/figcaption><\/figure><figure class='gallery-item'>\n\t\t\t<div class='gallery-icon portrait'>\n\t\t\t\t<a href='https:\/\/artout.ro\/reviste\/blog\/mari-actori-expozitie-de-mozaic-si-pictura-la-galeria-de-arta-calea-victoriei-33\/elvis-presley-de-mircea-tudor-asciu\/'><img width=\"150\" height=\"150\" src=\"https:\/\/artout.ro\/reviste\/blog\/wp-content\/uploads\/2014\/07\/ELVIS-PRESLEY-de-MIRCEA-TUDOR-ASCIU--150x150.jpg\" class=\"attachment-thumbnail size-thumbnail\" alt=\"\" loading=\"lazy\" aria-describedby=\"gallery-1-5365\" srcset=\"https:\/\/artout.ro\/reviste\/blog\/wp-content\/uploads\/2014\/07\/ELVIS-PRESLEY-de-MIRCEA-TUDOR-ASCIU--150x150.jpg 150w, https:\/\/artout.ro\/reviste\/blog\/wp-content\/uploads\/2014\/07\/ELVIS-PRESLEY-de-MIRCEA-TUDOR-ASCIU--120x120.jpg 120w\" sizes=\"(max-width: 150px) 100vw, 150px\" \/><\/a>\n\t\t\t<\/div>\n\t\t\t\t<figcaption class='wp-caption-text gallery-caption' id='gallery-1-5365'>\n\t\t\t\tElvis Presley de Mircea Tudor Asciu\n\t\t\t\t<\/figcaption><\/figure><figure class='gallery-item'>\n\t\t\t<div class='gallery-icon portrait'>\n\t\t\t\t<a href='https:\/\/artout.ro\/reviste\/blog\/mari-actori-expozitie-de-mozaic-si-pictura-la-galeria-de-arta-calea-victoriei-33\/gheorghe-dinica-de-mircea-tudor-asciu\/'><img width=\"150\" height=\"150\" src=\"https:\/\/artout.ro\/reviste\/blog\/wp-content\/uploads\/2014\/07\/GHEORGHE-DINICA-de-MIRCEA-TUDOR-ASCIU--150x150.jpg\" class=\"attachment-thumbnail size-thumbnail\" alt=\"\" loading=\"lazy\" aria-describedby=\"gallery-1-5367\" srcset=\"https:\/\/artout.ro\/reviste\/blog\/wp-content\/uploads\/2014\/07\/GHEORGHE-DINICA-de-MIRCEA-TUDOR-ASCIU--150x150.jpg 150w, https:\/\/artout.ro\/reviste\/blog\/wp-content\/uploads\/2014\/07\/GHEORGHE-DINICA-de-MIRCEA-TUDOR-ASCIU--120x120.jpg 120w\" sizes=\"(max-width: 150px) 100vw, 150px\" \/><\/a>\n\t\t\t<\/div>\n\t\t\t\t<figcaption class='wp-caption-text gallery-caption' id='gallery-1-5367'>\n\t\t\t\tGheorghe Dinica de Mircea Tudor Asciu\n\t\t\t\t<\/figcaption><\/figure><figure class='gallery-item'>\n\t\t\t<div class='gallery-icon landscape'>\n\t\t\t\t<a href='https:\/\/artout.ro\/reviste\/blog\/mari-actori-expozitie-de-mozaic-si-pictura-la-galeria-de-arta-calea-victoriei-33\/iurie-darie-de-mircea-tudor-asciu\/'><img width=\"150\" height=\"150\" src=\"https:\/\/artout.ro\/reviste\/blog\/wp-content\/uploads\/2014\/07\/IURIE-DARIE-de-MIRCEA-TUDOR-ASCIU--150x150.jpg\" class=\"attachment-thumbnail size-thumbnail\" alt=\"\" loading=\"lazy\" aria-describedby=\"gallery-1-5368\" srcset=\"https:\/\/artout.ro\/reviste\/blog\/wp-content\/uploads\/2014\/07\/IURIE-DARIE-de-MIRCEA-TUDOR-ASCIU--150x150.jpg 150w, https:\/\/artout.ro\/reviste\/blog\/wp-content\/uploads\/2014\/07\/IURIE-DARIE-de-MIRCEA-TUDOR-ASCIU--300x300.jpg 300w, https:\/\/artout.ro\/reviste\/blog\/wp-content\/uploads\/2014\/07\/IURIE-DARIE-de-MIRCEA-TUDOR-ASCIU--120x120.jpg 120w, https:\/\/artout.ro\/reviste\/blog\/wp-content\/uploads\/2014\/07\/IURIE-DARIE-de-MIRCEA-TUDOR-ASCIU-.jpg 573w\" sizes=\"(max-width: 150px) 100vw, 150px\" \/><\/a>\n\t\t\t<\/div>\n\t\t\t\t<figcaption class='wp-caption-text gallery-caption' id='gallery-1-5368'>\n\t\t\t\tIurie Darie de Mircea Tudor Asciu\n\t\t\t\t<\/figcaption><\/figure><figure class='gallery-item'>\n\t\t\t<div class='gallery-icon portrait'>\n\t\t\t\t<a href='https:\/\/artout.ro\/reviste\/blog\/mari-actori-expozitie-de-mozaic-si-pictura-la-galeria-de-arta-calea-victoriei-33\/marilyn_asciu-tudor\/'><img width=\"150\" height=\"150\" src=\"https:\/\/artout.ro\/reviste\/blog\/wp-content\/uploads\/2014\/07\/Marilyn_Asciu-Tudor-150x150.jpg\" class=\"attachment-thumbnail size-thumbnail\" alt=\"\" loading=\"lazy\" aria-describedby=\"gallery-1-5369\" srcset=\"https:\/\/artout.ro\/reviste\/blog\/wp-content\/uploads\/2014\/07\/Marilyn_Asciu-Tudor-150x150.jpg 150w, https:\/\/artout.ro\/reviste\/blog\/wp-content\/uploads\/2014\/07\/Marilyn_Asciu-Tudor-120x120.jpg 120w\" sizes=\"(max-width: 150px) 100vw, 150px\" \/><\/a>\n\t\t\t<\/div>\n\t\t\t\t<figcaption class='wp-caption-text gallery-caption' id='gallery-1-5369'>\n\t\t\t\tMarilyn Monroe &#8211; Asciu Tudor\n\t\t\t\t<\/figcaption><\/figure><figure class='gallery-item'>\n\t\t\t<div class='gallery-icon portrait'>\n\t\t\t\t<a href='https:\/\/artout.ro\/reviste\/blog\/mari-actori-expozitie-de-mozaic-si-pictura-la-galeria-de-arta-calea-victoriei-33\/moulin-rouge2_puskas-rozalia-lenke\/'><img width=\"150\" height=\"150\" src=\"https:\/\/artout.ro\/reviste\/blog\/wp-content\/uploads\/2014\/07\/Moulin-Rouge2_PUSKAS-ROZALIA-LENKE-150x150.jpg\" class=\"attachment-thumbnail size-thumbnail\" alt=\"\" loading=\"lazy\" aria-describedby=\"gallery-1-5370\" srcset=\"https:\/\/artout.ro\/reviste\/blog\/wp-content\/uploads\/2014\/07\/Moulin-Rouge2_PUSKAS-ROZALIA-LENKE-150x150.jpg 150w, https:\/\/artout.ro\/reviste\/blog\/wp-content\/uploads\/2014\/07\/Moulin-Rouge2_PUSKAS-ROZALIA-LENKE-120x120.jpg 120w\" sizes=\"(max-width: 150px) 100vw, 150px\" \/><\/a>\n\t\t\t<\/div>\n\t\t\t\t<figcaption class='wp-caption-text gallery-caption' id='gallery-1-5370'>\n\t\t\t\tMoulin Rouge 2 &#8211; Puskas Rozalia Lenke\n\t\t\t\t<\/figcaption><\/figure><figure class='gallery-item'>\n\t\t\t<div class='gallery-icon portrait'>\n\t\t\t\t<a href='https:\/\/artout.ro\/reviste\/blog\/mari-actori-expozitie-de-mozaic-si-pictura-la-galeria-de-arta-calea-victoriei-33\/moulin-rouge_puskas-rozalia-lenke\/'><img width=\"150\" height=\"150\" src=\"https:\/\/artout.ro\/reviste\/blog\/wp-content\/uploads\/2014\/07\/Moulin-Rouge_PUSKAS-ROZALIA-LENKE-150x150.jpg\" class=\"attachment-thumbnail size-thumbnail\" alt=\"\" loading=\"lazy\" aria-describedby=\"gallery-1-5371\" srcset=\"https:\/\/artout.ro\/reviste\/blog\/wp-content\/uploads\/2014\/07\/Moulin-Rouge_PUSKAS-ROZALIA-LENKE-150x150.jpg 150w, https:\/\/artout.ro\/reviste\/blog\/wp-content\/uploads\/2014\/07\/Moulin-Rouge_PUSKAS-ROZALIA-LENKE-120x120.jpg 120w\" sizes=\"(max-width: 150px) 100vw, 150px\" \/><\/a>\n\t\t\t<\/div>\n\t\t\t\t<figcaption class='wp-caption-text gallery-caption' id='gallery-1-5371'>\n\t\t\t\tMoulin Rouge de Puskas Rozalia Lenke\n\t\t\t\t<\/figcaption><\/figure><figure class='gallery-item'>\n\t\t\t<div class='gallery-icon portrait'>\n\t\t\t\t<a href='https:\/\/artout.ro\/reviste\/blog\/mari-actori-expozitie-de-mozaic-si-pictura-la-galeria-de-arta-calea-victoriei-33\/stela-popescu_puskas-rozalia-lenke\/'><img width=\"150\" height=\"150\" src=\"https:\/\/artout.ro\/reviste\/blog\/wp-content\/uploads\/2014\/07\/Stela-Popescu_PUSKAS-ROZALIA-LENKE-150x150.jpg\" class=\"attachment-thumbnail size-thumbnail\" alt=\"\" loading=\"lazy\" aria-describedby=\"gallery-1-5372\" srcset=\"https:\/\/artout.ro\/reviste\/blog\/wp-content\/uploads\/2014\/07\/Stela-Popescu_PUSKAS-ROZALIA-LENKE-150x150.jpg 150w, https:\/\/artout.ro\/reviste\/blog\/wp-content\/uploads\/2014\/07\/Stela-Popescu_PUSKAS-ROZALIA-LENKE-120x120.jpg 120w\" sizes=\"(max-width: 150px) 100vw, 150px\" \/><\/a>\n\t\t\t<\/div>\n\t\t\t\t<figcaption class='wp-caption-text gallery-caption' id='gallery-1-5372'>\n\t\t\t\tStela Popescu de Puskas Rozalia Lenke\n\t\t\t\t<\/figcaption><\/figure><figure class='gallery-item'>\n\t\t\t<div class='gallery-icon landscape'>\n\t\t\t\t<a href='https:\/\/artout.ro\/reviste\/blog\/mari-actori-expozitie-de-mozaic-si-pictura-la-galeria-de-arta-calea-victoriei-33\/georgeta-constantinescu_manager-galerie-calea-victoriei-33-3\/'><img width=\"150\" height=\"150\" src=\"https:\/\/artout.ro\/reviste\/blog\/wp-content\/uploads\/2014\/07\/Georgeta-Constantinescu_Manager-Galerie-Calea-Victoriei-33-3-150x150.jpg\" class=\"attachment-thumbnail size-thumbnail\" alt=\"\" loading=\"lazy\" aria-describedby=\"gallery-1-5366\" srcset=\"https:\/\/artout.ro\/reviste\/blog\/wp-content\/uploads\/2014\/07\/Georgeta-Constantinescu_Manager-Galerie-Calea-Victoriei-33-3-150x150.jpg 150w, https:\/\/artout.ro\/reviste\/blog\/wp-content\/uploads\/2014\/07\/Georgeta-Constantinescu_Manager-Galerie-Calea-Victoriei-33-3-120x120.jpg 120w\" sizes=\"(max-width: 150px) 100vw, 150px\" \/><\/a>\n\t\t\t<\/div>\n\t\t\t\t<figcaption class='wp-caption-text gallery-caption' id='gallery-1-5366'>\n\t\t\t\tGeorgeta Constantinescu &#8211; manager Galeria Calea Victoriei 33\n\t\t\t\t<\/figcaption><\/figure><figure class='gallery-item'>\n\t\t\t<div class='gallery-icon portrait'>\n\t\t\t\t<a href='https:\/\/artout.ro\/reviste\/blog\/mari-actori-expozitie-de-mozaic-si-pictura-la-galeria-de-arta-calea-victoriei-33\/toma-caragiu-de-mircea-tudor-asciu\/'><img width=\"150\" height=\"150\" src=\"https:\/\/artout.ro\/reviste\/blog\/wp-content\/uploads\/2014\/07\/TOMA-CARAGIU-de-MIRCEA-TUDOR-ASCIU--150x150.jpg\" class=\"attachment-thumbnail size-thumbnail\" alt=\"\" loading=\"lazy\" aria-describedby=\"gallery-1-5373\" srcset=\"https:\/\/artout.ro\/reviste\/blog\/wp-content\/uploads\/2014\/07\/TOMA-CARAGIU-de-MIRCEA-TUDOR-ASCIU--150x150.jpg 150w, https:\/\/artout.ro\/reviste\/blog\/wp-content\/uploads\/2014\/07\/TOMA-CARAGIU-de-MIRCEA-TUDOR-ASCIU--120x120.jpg 120w\" sizes=\"(max-width: 150px) 100vw, 150px\" \/><\/a>\n\t\t\t<\/div>\n\t\t\t\t<figcaption class='wp-caption-text gallery-caption' id='gallery-1-5373'>\n\t\t\t\tToma Caragiu de Mircea Tudor\n\t\t\t\t<\/figcaption><\/figure>\n\t\t<\/div>\n\n<p>La \u00eenceputul lunii martie a avut loc inaugurarea noii<strong> GALERII\u00a0de ART\u0102 &#8222;CALEA VICTORIEI 33\u201d\u00a0<\/strong>(Teatrul de Revist\u0103 &#8222;Constantin T\u0103nase&#8221;) marcat\u0103 de dou\u0103 evenimente:vernisajul<strong> expozi\u0163iei de sculptur\u0103 <\/strong>a artistului<strong> C\u0103t\u0103lin Gean\u0103<\/strong> \u015fial celei de fotografie <strong>HairDesign\u00a0\u201cARTA se MI\u015eC\u0102\u201d <\/strong>a <strong>Cristinei Grama <\/strong>\u015fi a echipei sale\u00a0<strong>FASON.<\/strong>\u00a0A urmat \u00een aprilie 2014 vernisajul Expozi\u0163iei de pictur\u0103 cu v\u00e2nzare\u00a0\u201c\u015eAPTE PICTORI\u201d. Au expus timp de dou\u0103 luni arti\u015ftii plastici <strong>Anna Ravliuc, Lauren\u0163iu Midvichi, Mariana Gavril\u0103 Vesa<\/strong>, <strong>Georgeta Constantinescu,<\/strong> <strong>Stela Vesa, Alina Vod<\/strong><strong>\u0103<\/strong>\u015fi <strong>Florentin Vesa.<\/strong><\/p>\n<p><strong>\u00a0<\/strong><\/p>\n<p>Adresa:\u00a0 Calea Victoriei nr. 33,\u00a0 Bucure\u015fti,\u00a0 Rom\u00e2nia, \u00a0tel: +40212332144,\u00a0 e-mail: galeriacaleavictoriei33@gmail.com<\/p>\n<p><strong>\u00a0<\/strong><\/p>\n<p><strong>\u00a0<\/strong><\/p>\n<p>&nbsp;<\/p>\n<p>&nbsp;<\/p>\n<p>&nbsp;<\/p>\n<p>&nbsp;<\/p>\n<p>&nbsp;<\/p>\n<p>&nbsp;<\/p>\n<p>&nbsp;<\/p>\n<p>&nbsp;<\/p>\n<p>&nbsp;<\/p>\n<p>&nbsp;<\/p>\n<p>&nbsp;<\/p>\n<p>&nbsp;<\/p>\n<p>&nbsp;<\/p>\n<p>&nbsp;<\/p>\n<p>&nbsp;<\/p>\n<p>&nbsp;<\/p>\n<p>&nbsp;<\/p>\n<p>&nbsp;<\/p>\n<p>&nbsp;<\/p>\n<p>&nbsp;<\/p>\n<p>&nbsp;<\/p>\n<p>&nbsp;<\/p>\n<p>&nbsp;<\/p>\n<p>Adresa:\u00a0 Calea Victoriei nr. 33,\u00a0 Bucure\u015fti,\u00a0 Rom\u00e2nia, \u00a0tel: +40212332144,\u00a0 e-mail: galeriacaleavictoriei33@gmail.com<\/p>\n","protected":false},"excerpt":{"rendered":"<p>\u201cMARI\u00a0 ACTORI\u201d \u2013 Expozitie de mozaic \u0219i pictur\u0103 la\u00a0\u00a0 GALERIA de ART\u0102 &#8222;CALEA VICTORIEI 33&#8221;&#8230;<\/p>\n","protected":false},"author":1,"featured_media":5359,"comment_status":"open","ping_status":"open","sticky":false,"template":"","format":"standard","meta":[],"categories":[14],"tags":[3110,3112,848,3107,981,3114,3106,3111,3108,1450,1654,3109,2077,3113],"_links":{"self":[{"href":"https:\/\/artout.ro\/reviste\/blog\/wp-json\/wp\/v2\/posts\/5356"}],"collection":[{"href":"https:\/\/artout.ro\/reviste\/blog\/wp-json\/wp\/v2\/posts"}],"about":[{"href":"https:\/\/artout.ro\/reviste\/blog\/wp-json\/wp\/v2\/types\/post"}],"author":[{"embeddable":true,"href":"https:\/\/artout.ro\/reviste\/blog\/wp-json\/wp\/v2\/users\/1"}],"replies":[{"embeddable":true,"href":"https:\/\/artout.ro\/reviste\/blog\/wp-json\/wp\/v2\/comments?post=5356"}],"version-history":[{"count":1,"href":"https:\/\/artout.ro\/reviste\/blog\/wp-json\/wp\/v2\/posts\/5356\/revisions"}],"predecessor-version":[{"id":5374,"href":"https:\/\/artout.ro\/reviste\/blog\/wp-json\/wp\/v2\/posts\/5356\/revisions\/5374"}],"wp:featuredmedia":[{"embeddable":true,"href":"https:\/\/artout.ro\/reviste\/blog\/wp-json\/wp\/v2\/media\/5359"}],"wp:attachment":[{"href":"https:\/\/artout.ro\/reviste\/blog\/wp-json\/wp\/v2\/media?parent=5356"}],"wp:term":[{"taxonomy":"category","embeddable":true,"href":"https:\/\/artout.ro\/reviste\/blog\/wp-json\/wp\/v2\/categories?post=5356"},{"taxonomy":"post_tag","embeddable":true,"href":"https:\/\/artout.ro\/reviste\/blog\/wp-json\/wp\/v2\/tags?post=5356"}],"curies":[{"name":"wp","href":"https:\/\/api.w.org\/{rel}","templated":true}]}}