{"id":5041,"date":"2014-05-21T08:25:58","date_gmt":"2014-05-21T08:25:58","guid":{"rendered":"http:\/\/artout.ro\/reviste\/blog\/?p=5041"},"modified":"2014-05-21T08:25:58","modified_gmt":"2014-05-21T08:25:58","slug":"resedintele-bucurestene-ale-familiei-bibescu-brancoveanu","status":"publish","type":"post","link":"https:\/\/artout.ro\/reviste\/blog\/resedintele-bucurestene-ale-familiei-bibescu-brancoveanu\/","title":{"rendered":"Resedintele bucurestene ale familiei Bibescu-Brancoveanu"},"content":{"rendered":"<p>Cea de-a treia conferin\u021b\u0103 organizat\u0103 \u00een 24 mai, de la ora 16:00, la Palatul Mogo\u0219oaia, are ca tem\u0103 \u201e<strong>Re\u0219edintele bucure\u0219tene ale familiei Bibescu-Br\u00e2ncoveanu<\/strong>\u201d \u0219i este sus\u021binut\u0103 de istoric de art\u0103 drd. Oana Marinache.<\/p>\n<p>Mo\u015ftenirea arhitectural\u0103 l\u0103sat\u0103 Bucure\u015ftiului \u015fi \u00eemprejurimilor de c\u0103tre familia Bibescu&#8211;Basarab Br\u00e2ncoveanu poate fi urm\u0103rit\u0103 din prima jum\u0103tate a secolului al XIX-lea p\u00e2n\u0103 \u00een preajma celui de-al doilea r\u0103zboi mondial.<\/p>\n<p><a href=\"https:\/\/artout.ro\/reviste\/blog\/wp-content\/uploads\/2014\/05\/20140524_invitatie-A5-F.jpg\"><img loading=\"lazy\" class=\"aligncenter size-medium wp-image-5042\" src=\"https:\/\/artout.ro\/reviste\/blog\/wp-content\/uploads\/2014\/05\/20140524_invitatie-A5-F-211x300.jpg\" alt=\"20140524_invitatie A5-F\" width=\"211\" height=\"300\" data-id=\"5042\" srcset=\"https:\/\/artout.ro\/reviste\/blog\/wp-content\/uploads\/2014\/05\/20140524_invitatie-A5-F-211x300.jpg 211w, https:\/\/artout.ro\/reviste\/blog\/wp-content\/uploads\/2014\/05\/20140524_invitatie-A5-F.jpg 420w\" sizes=\"(max-width: 211px) 100vw, 211px\" \/><\/a><\/p>\n<p>Noi cercet\u0103ri \u00een arhivele de familie Bibescu-Basarab Br\u00e2ncoveanu reg\u0103site \u00een Biblioteca Academiei Rom\u00e2ne, Sec\u0163ia Manuscrise, precum \u015fi \u00een fondul Saint Georges de la Biblioteca Na\u0163ional\u0103 a Rom\u00e2niei, Colec\u0163ii Speciale vin s\u0103 completeze informa\u0163iile culese la Arhivele Na\u0163ionale ale Rom\u00e2niei \u015fi Prim\u0103ria Municipiului Bucure\u015fti. Ele ne permit ast\u0103zi reconstituirea unor etape importante din arhitectura \u015fi decora\u0163ia interioar\u0103 a propriet\u0103\u0163ilor ce au apar\u0163inut mai multor genera\u0163ii de proprietari din familiile analizate.<\/p>\n<p>&nbsp;<\/p>\n<p>Prezentarea va cuprinde informa\u021bii, fotografii \u0219i planuri ale:<br \/>\nVechile case Golescu, palatul oficial de ceremonie al domnitorului Bibescu<br \/>\nPalatul de var\u0103 de la B\u0103neasa<br \/>\nProprietatea lui Iancu Bibescu de la Gr\u0103dina Ci\u0219migiului<br \/>\nMo\u0219ia \u0219i palatul de la Mogo\u0219oaia<br \/>\nCasa B\u0103rc\u0103nescu aflat\u0103 pe str. Mercur nr. 11, \u00eenchiriat\u0103 mai bine de 12 ani de familia prin\u021bului George G. Bibescu<br \/>\nRe\u0219edin\u021ba Doamnei Zoe Br\u00e2ncoveanu de pe strada gen. Constantin Budi\u015fteanu<br \/>\nCasa Elisei Bibescu Filipescu de pe podul Mogo\u015foaiei col\u0163 cu strada Verde<br \/>\nVechea mo\u015fie din afara Barierei Mogo\u015foaiei a banului Alecu Filipescu<br \/>\nCasa Matei Br\u00e2ncoveanu din actuala str. Rabat nr. 19-21<br \/>\nRe\u0219edin\u021bele George Valentin Bibescu de la \u015eoseaua Kiseleff nr. 13, din str. Surorilor\/Robert de Flers nr. 6, Lasc\u0103r Catargiu nr. 54<br \/>\nProprietatea lui Constantin Basarab Br\u00e2ncoveanu din str.Scaune nr.22\/42 bis<br \/>\nGenevieva Bibescu \u015fi fiica ei, Elena \u0219i locuin\u021ba lor de pe Calea Victoriei la nr. 165<br \/>\nConacul Drug\u0103nescu din jud. Giurgiu<br \/>\nMo\u0219iile Obile\u015fti-\u015etef\u0103ne\u015fti-Lipov\u0103\u0163, S\u0103rule\u015fti, fabrica de zah\u0103r de la Chitila, Balote\u015fti (din zestrea Marthei Lahovary Bibescu).<\/p>\n<p>Conferin\u021ba va fi urmat\u0103 la ora 17:00 de un recital Johann Strauss al sopranei Sorina Munteanu si pianistei Viorela Ciucur, eveniment \u00een cadrul <strong>edi\u0163iei a III-a a Mogo\u015foaia ClasicFest<\/strong>, eveniment oferit de Prim\u0103ria Municipiului Bucure\u0219ti prin Centrul Cultural Palatele Br\u00e2ncovene\u015fti, Asocia\u021bia Pro Valores \u015fi Radio Rom\u00e2nia Cultural.<\/p>\n","protected":false},"excerpt":{"rendered":"<p>Cea de-a treia conferin\u021b\u0103 organizat\u0103 \u00een 24 mai, de la ora 16:00, la Palatul Mogo\u0219oaia,&#8230;<\/p>\n","protected":false},"author":1,"featured_media":5042,"comment_status":"open","ping_status":"open","sticky":false,"template":"","format":"standard","meta":[],"categories":[14],"tags":[183,235,2764,352,551,2763,2766,1529,2765,2762],"_links":{"self":[{"href":"https:\/\/artout.ro\/reviste\/blog\/wp-json\/wp\/v2\/posts\/5041"}],"collection":[{"href":"https:\/\/artout.ro\/reviste\/blog\/wp-json\/wp\/v2\/posts"}],"about":[{"href":"https:\/\/artout.ro\/reviste\/blog\/wp-json\/wp\/v2\/types\/post"}],"author":[{"embeddable":true,"href":"https:\/\/artout.ro\/reviste\/blog\/wp-json\/wp\/v2\/users\/1"}],"replies":[{"embeddable":true,"href":"https:\/\/artout.ro\/reviste\/blog\/wp-json\/wp\/v2\/comments?post=5041"}],"version-history":[{"count":1,"href":"https:\/\/artout.ro\/reviste\/blog\/wp-json\/wp\/v2\/posts\/5041\/revisions"}],"predecessor-version":[{"id":5043,"href":"https:\/\/artout.ro\/reviste\/blog\/wp-json\/wp\/v2\/posts\/5041\/revisions\/5043"}],"wp:featuredmedia":[{"embeddable":true,"href":"https:\/\/artout.ro\/reviste\/blog\/wp-json\/wp\/v2\/media\/5042"}],"wp:attachment":[{"href":"https:\/\/artout.ro\/reviste\/blog\/wp-json\/wp\/v2\/media?parent=5041"}],"wp:term":[{"taxonomy":"category","embeddable":true,"href":"https:\/\/artout.ro\/reviste\/blog\/wp-json\/wp\/v2\/categories?post=5041"},{"taxonomy":"post_tag","embeddable":true,"href":"https:\/\/artout.ro\/reviste\/blog\/wp-json\/wp\/v2\/tags?post=5041"}],"curies":[{"name":"wp","href":"https:\/\/api.w.org\/{rel}","templated":true}]}}