{"id":392,"date":"2011-06-06T21:03:18","date_gmt":"2011-06-06T19:03:18","guid":{"rendered":"http:\/\/blog.artout.ro\/?p=392"},"modified":"2011-06-06T21:03:18","modified_gmt":"2011-06-06T19:03:18","slug":"instrumente-de-scris-din-secolele-xviii-xx-reunite-la-muzeul-national-cotroceni","status":"publish","type":"post","link":"https:\/\/artout.ro\/reviste\/blog\/instrumente-de-scris-din-secolele-xviii-xx-reunite-la-muzeul-national-cotroceni\/","title":{"rendered":"Instrumente de scris din secolele XVIII-XX reunite la Muzeul National Cotroceni"},"content":{"rendered":"<p>&nbsp;<\/p>\n<p align=\"CENTER\" style=\"margin-bottom: 0cm\"><font face=\"Times New Roman, serif\"><b>Muzeul Na\u0163ional Cotroceni<\/b><\/font><\/p>\n<p align=\"CENTER\" style=\"margin-bottom: 0cm\"><b>9 iunie 2011<\/b><\/p>\n<p align=\"CENTER\" style=\"margin-bottom: 0cm\">&nbsp;<\/p>\n<p align=\"CENTER\" style=\"margin-bottom: 0cm\"><font face=\"Times New Roman, serif\"><b>Instrumente de scris din secolele XVIII-XX reunite la Muzeul Na\u0163ional Cotroceni<\/b><\/font><\/p>\n<p style=\"margin-bottom: 0cm\">&nbsp;<\/p>\n<p align=\"JUSTIFY\" style=\"margin-bottom: 0cm\"><font face=\"Times New Roman, serif\">Muzeul Na\u0163ional Cotroceni &icirc;n parteneriat cu Muzeul Na\u0163ional al Literaturii Rom&acirc;ne \u015fi &icirc;n colaborare cu Muzeul Na\u0163ional de Istorie a Rom&acirc;niei, Complexul Na\u0163ional Muzeal &rdquo;Curtea Domneasc\u0103&rdquo; T&acirc;rgovi\u015fte, Complexul Muzeal Na\u0163ional &rdquo;Moldova&rdquo; Ia\u015fi, Muzeul Literaturii Rom&acirc;ne Ia\u015fi, Muzeul de Istorie a Evreilor din Rom&acirc;nia &rdquo;\u015eef Rabin Dr. Moses Rosen&rdquo;, Colec\u0163ia muzeal\u0103 a Episcopiei Armeano-Gregoriene din Rom&acirc;nia, organizeaz\u0103 <\/font><font face=\"Times New Roman, serif\"><b>joi, 9 iunie 2011, orele 18.00<\/b><\/font><font face=\"Times New Roman, serif\">, &icirc;n Salonul Cerchez al Muzeului Na\u0163ional Cotroceni, vernisajul expozi\u0163iei <\/font><font face=\"Times New Roman, serif\"><b>&rdquo;&Icirc;n memoria timpului, instrumente &icirc;n arta scrisului&rdquo;.<\/b><\/font><\/p>\n<p align=\"JUSTIFY\" style=\"margin-bottom: 0cm\"><font face=\"Times New Roman, serif\">Expozi\u0163ia <\/font><font face=\"Times New Roman, serif\"><b>&rdquo;&Icirc;n memoria timpului, instrumente &icirc;n arta scrisului&rdquo; <\/b><\/font><font face=\"Times New Roman, serif\">urm\u0103re\u015fte s\u0103 aduc\u0103 &icirc;n aten\u0163ia publicului vizitator instrumente de scris, celebre prin faptul c\u0103 au apar\u0163inut unor personalit\u0103\u0163i importante din via\u0163a politic\u0103, social\u0103 \u015fi cultural\u0103 rom&acirc;neasc\u0103, sau reprezint\u0103 piese de excep\u0163ie pentru epoca lor.<\/font><\/p>\n<p align=\"JUSTIFY\" style=\"margin-bottom: 0cm\"><font face=\"Times New Roman, serif\">&Icirc;n cadrul expozi\u0163iei vor figura: c\u0103lim\u0103ri de br&acirc;u \u015fi inele sigilare din secolul al XVIII-lea, pana de scris din aur a lui George Bari\u0163iu, tocul pentru scris atribuit lui C.A. Rosetti, c\u0103limar\u0103 de la Divanul Ad-hoc, trusa pentru desen a domnitorului Al. I. Cuza, pana de scris din aur a regelui Carol I, mapele de birou ale regelui Carol I, reginei Elisabeta \u015fi principelui Nicolae, tocul folosit de Ion C. Br\u0103tianu la Congresul de la Berlin &icirc;n 1878, creionul din aur al mare\u015falului Alexandru Averescu, biroul de lucru al lui Nicolae Iorga, trusa de birou a lui Petru Groza etc.<\/font><\/p>\n<p align=\"JUSTIFY\" style=\"margin-bottom: 0cm\"><font face=\"Times New Roman, serif\">Atmosfera de odinioar\u0103, &icirc;n care scriau la birourile lor, marii clasici ai literaturii rom&acirc;ne: Mihail Sadoveanu, Calistrat Hoga\u015f, \u015et. O Iosif, Al. Macedonski, George Co\u015fbuc, Liviu Rebreanu, Tudor Arghezi, Camil Petrescu, George C\u0103linescu, Alexandru Br\u0103tescu-Voine\u015fti va fi recompus\u0103 prin expunerea obiectelor de birou care le-au apar\u0163inut: tocuri cu peni\u0163\u0103, c\u0103lim\u0103ri, coupe-papier, press-papier, mape de birou, stilouri &icirc;nso\u0163ite de manuscrise, sau de una dintre cele mai importante inven\u0163ii ale lumii moderne, ma\u015fina de scris, toate m\u0103rturisind c\u0103 scrisul poate fi o pasiune, dar \u015fi o art\u0103.<\/font><\/p>\n<p align=\"JUSTIFY\" style=\"margin-bottom: 0cm\"><font face=\"Times New Roman, serif\">&Icirc;n expozi\u0163ie vor fi prezente \u015fi obiecte care provin de la comunitatea de intelectuali evrei \u015fi armeni de pe teritoriul Rom&acirc;niei. Astfel, un spa\u0163iu restr&acirc;ns este dedicat \u015fi colec\u0163iei de manuscrise armene\u015fti, care se afl\u0103 &icirc;n fondul Bibliotecii Casei de Cultur\u0103 &bdquo;Hovsep \u015fi Victoria Dudian&ldquo; din Bucure\u015fti, fiind cunoscut\u0103 &icirc;nc\u0103 din secolul al V-lea influen\u0163a pe care centrele de creare \u015fi copiere a manuscriselor armene\u015fti, au avut-o asupra ornamenta\u0163iei miniaturii &icirc;n \u0162\u0103rile Rom&acirc;ne.<\/font><\/p>\n<p align=\"JUSTIFY\" style=\"margin-bottom: 0cm\"><font face=\"Times New Roman, serif\">Expozi\u0163ia va fi deschis\u0103 publicului &icirc;n perioada 9 iunie&ndash; 31 august 2011, \u015fi va putea fi vizitat\u0103 de mar\u0163i p&acirc;n\u0103 duminic\u0103 &icirc;ntre orele 9.30 &ndash; 17.30.<\/font><\/p>\n<p align=\"JUSTIFY\" style=\"margin-bottom: 0cm\"><font face=\"Times New Roman, serif\">Expozi\u0163ia beneficiaz\u0103 \u015fi de un catalog, care va putea fi achizi\u0163ionat de c\u0103tre public, de la magazinul de prezentare al muzeului, deschis &icirc;ntre orele 9.30 &ndash; 17.30.<\/font><\/p>\n<p align=\"JUSTIFY\" style=\"margin-bottom: 0cm\">&nbsp;<\/p>\n<p align=\"JUSTIFY\" style=\"margin-bottom: 0cm\"><font face=\"Times New Roman, serif\"><b>Partener principal<\/b><\/font><font face=\"Times New Roman, serif\">: Apa Nova<\/font><\/p>\n<p align=\"JUSTIFY\" style=\"margin-bottom: 0cm\"><font face=\"Times New Roman, serif\"><b>Partener<\/b><\/font><font face=\"Times New Roman, serif\">: Konica Minolta<\/font><\/p>\n<p align=\"JUSTIFY\" style=\"margin-bottom: 0cm\"><font face=\"Times New Roman, serif\"><b>Parteneri media<\/b><\/font><font face=\"Times New Roman, serif\">: Radio Rom&acirc;nia Actualit\u0103\u0163i, Radio Rom&acirc;nia Cultural, Bucure\u015fti FM, RFI Romania, Agen\u0163ia Na\u0163ional\u0103 de Pres\u0103 &quot;Agerpres&quot;, Cronica Rom&acirc;n\u0103, Onlinegallery.ro, Traveller Magazin, Rom&acirc;nia Liber\u0103, C\u0103minul, \u015eapte Seri, Revista Istorie \u015fi Civiliza\u0163ie, LiterNet.ro, Senso TV, Art Out, Revista &rdquo;Vacan\u0163e la \u0163ar\u0103&rdquo;, Funda\u0163ia Cultural\u0103 &rdquo;Magazin Istoric&rdquo;, Ziarul Timpul, Diplomat Club.<\/font><\/p>\n","protected":false},"excerpt":{"rendered":"<p>&nbsp; Muzeul Na\u0163ional Cotroceni 9 iunie 2011 &nbsp; Instrumente de scris din secolele XVIII-XX reunite&#8230;<\/p>\n","protected":false},"author":1,"featured_media":0,"comment_status":"open","ping_status":"open","sticky":false,"template":"","format":"standard","meta":[],"categories":[14],"tags":[],"_links":{"self":[{"href":"https:\/\/artout.ro\/reviste\/blog\/wp-json\/wp\/v2\/posts\/392"}],"collection":[{"href":"https:\/\/artout.ro\/reviste\/blog\/wp-json\/wp\/v2\/posts"}],"about":[{"href":"https:\/\/artout.ro\/reviste\/blog\/wp-json\/wp\/v2\/types\/post"}],"author":[{"embeddable":true,"href":"https:\/\/artout.ro\/reviste\/blog\/wp-json\/wp\/v2\/users\/1"}],"replies":[{"embeddable":true,"href":"https:\/\/artout.ro\/reviste\/blog\/wp-json\/wp\/v2\/comments?post=392"}],"version-history":[{"count":0,"href":"https:\/\/artout.ro\/reviste\/blog\/wp-json\/wp\/v2\/posts\/392\/revisions"}],"wp:attachment":[{"href":"https:\/\/artout.ro\/reviste\/blog\/wp-json\/wp\/v2\/media?parent=392"}],"wp:term":[{"taxonomy":"category","embeddable":true,"href":"https:\/\/artout.ro\/reviste\/blog\/wp-json\/wp\/v2\/categories?post=392"},{"taxonomy":"post_tag","embeddable":true,"href":"https:\/\/artout.ro\/reviste\/blog\/wp-json\/wp\/v2\/tags?post=392"}],"curies":[{"name":"wp","href":"https:\/\/api.w.org\/{rel}","templated":true}]}}