{"id":13522,"date":"2019-03-19T16:18:30","date_gmt":"2019-03-19T16:18:30","guid":{"rendered":"http:\/\/artout.ro\/reviste\/blog\/?p=13522"},"modified":"2019-03-19T16:18:31","modified_gmt":"2019-03-19T16:18:31","slug":"povestea-mea-art-out","status":"publish","type":"post","link":"https:\/\/artout.ro\/reviste\/blog\/povestea-mea-art-out\/","title":{"rendered":"Povestea mea Art Out"},"content":{"rendered":"<p style=\"text-align: center;\"><strong>Povestea mea Art Out<\/strong><\/p>\n<p style=\"text-align: right;\">Un material realizat de <strong>Adriana \u0218arpe<\/strong><\/p>\n<p>&nbsp;<\/p>\n<p>Bun\u0103 tuturor! M\u0103 numesc Adriana \u0218arpe, sunt membru al Asocia\u021biei Art Out \u0219i azi v\u0103 voi spune o poveste.<\/p>\n<p><a href=\"https:\/\/artout.ro\/reviste\/blog\/povestea-mea-art-out\/27072949_1255695544572207_347249120111237739_n\/\" rel=\"attachment wp-att-13523\"><img loading=\"lazy\" class=\"aligncenter size-medium wp-image-13523\" src=\"https:\/\/artout.ro\/reviste\/blog\/wp-content\/uploads\/2019\/03\/27072949_1255695544572207_347249120111237739_n-300x300.jpg\" alt=\"\" width=\"300\" height=\"300\" data-id=\"13523\" srcset=\"https:\/\/artout.ro\/reviste\/blog\/wp-content\/uploads\/2019\/03\/27072949_1255695544572207_347249120111237739_n-300x300.jpg 300w, https:\/\/artout.ro\/reviste\/blog\/wp-content\/uploads\/2019\/03\/27072949_1255695544572207_347249120111237739_n-150x150.jpg 150w, https:\/\/artout.ro\/reviste\/blog\/wp-content\/uploads\/2019\/03\/27072949_1255695544572207_347249120111237739_n-768x769.jpg 768w, https:\/\/artout.ro\/reviste\/blog\/wp-content\/uploads\/2019\/03\/27072949_1255695544572207_347249120111237739_n-120x120.jpg 120w, https:\/\/artout.ro\/reviste\/blog\/wp-content\/uploads\/2019\/03\/27072949_1255695544572207_347249120111237739_n.jpg 934w\" sizes=\"(max-width: 300px) 100vw, 300px\" \/><\/a><\/p>\n<p>Eroul pove\u0219tii noastre este un grup de oameni pasiona\u021bi de art\u0103, arhitectur\u0103, expresivitate \u0219i care sunt probabil alergici la timp liber. Glumesc \u0219i eu (sau nu&#8230;aici e vorba de voluntariat).<\/p>\n<p>Dac\u0103 nu v-a\u021bi dat seama deja, este vorba de voluntarii Asocia\u021biei Art Out, care \u00ee\u0219i dedic\u0103 timpul sprijinirii comunit\u0103\u021bii din care fac parte, fie prin articole scrise pe \u00eenserate, fie prin activit\u0103\u021bi care implic\u0103 adev\u0103rat\u0103 munc\u0103 fizic\u0103: ridicat, aranjat, r\u00e2s (studiile spun c\u0103 e obositor, nu eu).<\/p>\n<p>Un eveniment prin care chiar \u00eei po\u021bi cunoa\u0219te pe dr\u0103gu\u021bii voluntari Art Out, pe care \u00een mod normal i-ai g\u0103si \u00een s\u0103li de teatru, galerii de art\u0103 sau la coad\u0103 la covrigi este Gala Art Out. Organizat\u0103 an de an, gala reune\u0219te \u00eens\u0103\u0219i esen\u021ba asocia\u021biei. Este vorba de un eveniment cu muzic\u0103, dans \u0219i voie bun\u0103 \u00een care se ofer\u0103 premii pentru art\u0103 cu scopul de a promova valori culturale \u0219i a aduce publicul mai aproape de profesioni\u0219ti ai artei.<\/p>\n<p>Ca proasp\u0103t membru al asocia\u021biei, am ajutat \u0219i eu in primul meu an de facultate la organizare. Copil timid fiind, nu prea \u0219tiam ce \u0219i cum. Eu am intrat \u00een asocia\u021bie ca traduc\u0103tor, munc\u0103 pe care o fac de acas\u0103, \u00een singur\u0103tate \u0219i departe de societate(cam dramatic, \u0219tiu, dar a\u0219a e mai interesant\u0103 povestea).<\/p>\n<p><a href=\"https:\/\/artout.ro\/reviste\/blog\/povestea-mea-art-out\/17861596_1804932713103305_1524087127769746810_n\/\" rel=\"attachment wp-att-13524\"><img loading=\"lazy\" class=\"aligncenter size-medium wp-image-13524\" src=\"https:\/\/artout.ro\/reviste\/blog\/wp-content\/uploads\/2019\/03\/17861596_1804932713103305_1524087127769746810_n-300x199.jpg\" alt=\"\" width=\"300\" height=\"199\" data-id=\"13524\" srcset=\"https:\/\/artout.ro\/reviste\/blog\/wp-content\/uploads\/2019\/03\/17861596_1804932713103305_1524087127769746810_n-300x199.jpg 300w, https:\/\/artout.ro\/reviste\/blog\/wp-content\/uploads\/2019\/03\/17861596_1804932713103305_1524087127769746810_n-768x510.jpg 768w, https:\/\/artout.ro\/reviste\/blog\/wp-content\/uploads\/2019\/03\/17861596_1804932713103305_1524087127769746810_n-675x450.jpg 675w, https:\/\/artout.ro\/reviste\/blog\/wp-content\/uploads\/2019\/03\/17861596_1804932713103305_1524087127769746810_n.jpg 960w\" sizes=\"(max-width: 300px) 100vw, 300px\" \/><\/a><\/p>\n<p>Vreau s\u0103 v\u0103 spun c\u0103 am ajuns la locul cu pricina, am luat un panou, ni\u0219te scotch \u0219i am devenit instant parte a acestui grup(eroul pove\u0219tii, nu uita\u021bi). C\u00e2nd munce\u0219ti pentru un scop comun este imposibil s\u0103 nu sim\u021bi o conexiune. Cu c\u00e2t aduceam mai multe cartoane \u0219i aranjam mai multe scaune, cu at\u00e2t \u00eemi descopeream colegii at\u00e2t de plini de dragoste fa\u021b\u0103 de acest proiect, de m\u00e2ndrie \u0219i \u00a0entuziasm. Fiecare \u0219tia ce are de f\u0103cut. Era ca un roi de albine cu oameni alerg\u00e2nd \u00een toate direc\u021biile. \u201eCineva s\u0103 aduc\u0103 x\u201d, \u201eAvem nevoie de cineva pe scen\u0103\u201d, \u201eCineva s\u0103 mearg\u0103 dincolo\u201d \u0218i mereu era cineva..mereu se g\u0103sea cineva care s\u0103 ajute c\u00e2nd \u0219i unde trebuie.<\/p>\n<p>Ca \u00een orice poveste bun\u0103, eroul nostru se confrunt\u0103 cu ni\u0219te inamici redutabili cum ar fi: nea\u0219teptatul, oboseala, neaten\u021bia, timpul \u0219i dispari\u021bia lui. B\u0103t\u0103lia e cr\u00e2ncen\u0103, cu foc, s\u0103bii \u0219i dragoni cu 7 capete. Bine..recunosc&#8230;dragonii aveau doar 5 capete&#8230; Dar nu asta este important, dragi cititori. Important este c\u0103 eroul nostru, acest grup de oameni at\u00e2t de eterogen reu\u0219este s\u0103 lucreze impreun\u0103 \u0219i s\u0103 pun\u0103 \u00een mi\u0219care un adev\u0103rat show. Se simt emo\u021biile, bucuria sincer\u0103 pentru c\u00e2\u0219tig\u0103tori \u0219i o c\u0103ldur\u0103 aparte care apare atunci c\u00e2nd vezi c\u0103 ai reu\u0219it s\u0103 faci o sal\u0103 \u00eentreag\u0103 de oameni s\u0103 se simt\u0103 bine.<\/p>\n<p><a href=\"https:\/\/artout.ro\/reviste\/blog\/povestea-mea-art-out\/17883594_1805346383061938_8590451195873580495_n-2\/\" rel=\"attachment wp-att-13525\"><img loading=\"lazy\" class=\"aligncenter size-medium wp-image-13525\" src=\"https:\/\/artout.ro\/reviste\/blog\/wp-content\/uploads\/2019\/03\/17883594_1805346383061938_8590451195873580495_n-300x199.jpg\" alt=\"\" width=\"300\" height=\"199\" data-id=\"13525\" srcset=\"https:\/\/artout.ro\/reviste\/blog\/wp-content\/uploads\/2019\/03\/17883594_1805346383061938_8590451195873580495_n-300x199.jpg 300w, https:\/\/artout.ro\/reviste\/blog\/wp-content\/uploads\/2019\/03\/17883594_1805346383061938_8590451195873580495_n-768x510.jpg 768w, https:\/\/artout.ro\/reviste\/blog\/wp-content\/uploads\/2019\/03\/17883594_1805346383061938_8590451195873580495_n-675x450.jpg 675w, https:\/\/artout.ro\/reviste\/blog\/wp-content\/uploads\/2019\/03\/17883594_1805346383061938_8590451195873580495_n.jpg 960w\" sizes=\"(max-width: 300px) 100vw, 300px\" \/><\/a><\/p>\n<p>Am ajuns la finalul acestui capitol \u00een care eroul pove\u0219tii noastre iese \u00eenving\u0103tor: sala a fost aranjat\u0103, invita\u021bii primi\u021bi c\u0103lduros,\u00a0 momentele artistice realizate, glumele spuse, premiile date, fotografiile f\u0103cute \u0219i amintirile create.<\/p>\n<p>&nbsp;<\/p>\n<p>Ast\u0103zi noi ne vom opri aici, dar povestea continu\u0103 an de an, a\u0219a c\u0103, dac\u0103 vre\u021bi s\u0103 ne descoperi\u021bi, nu suntem departe.<\/p>\n<p>Eu m-am distrat. M\u0103 distrez\u00a0 \u0219i acum c\u00e2nd \u00eemi amintesc.<\/p>\n<p>Asta v\u0103 doresc \u0219i vou\u0103: s\u0103 v\u0103 sim\u021bi\u021bi bine, s\u0103 v\u0103 deschide\u021bi spre art\u0103 \u0219i s\u0103 citi\u021bi c\u00e2t mai multe din pove\u0219tile noastre.<\/p>\n<div id='gallery-1' class='gallery galleryid-13522 gallery-columns-3 gallery-size-thumbnail'><figure class='gallery-item'>\n\t\t\t<div class='gallery-icon landscape'>\n\t\t\t\t<a href='https:\/\/artout.ro\/reviste\/blog\/povestea-mea-art-out\/17903392_1805925739670669_798220429781246506_n\/'><img width=\"150\" height=\"150\" src=\"https:\/\/artout.ro\/reviste\/blog\/wp-content\/uploads\/2019\/03\/17903392_1805925739670669_798220429781246506_n-150x150.jpg\" class=\"attachment-thumbnail size-thumbnail\" alt=\"\" loading=\"lazy\" srcset=\"https:\/\/artout.ro\/reviste\/blog\/wp-content\/uploads\/2019\/03\/17903392_1805925739670669_798220429781246506_n-150x150.jpg 150w, https:\/\/artout.ro\/reviste\/blog\/wp-content\/uploads\/2019\/03\/17903392_1805925739670669_798220429781246506_n-120x120.jpg 120w\" sizes=\"(max-width: 150px) 100vw, 150px\" \/><\/a>\n\t\t\t<\/div><\/figure><figure class='gallery-item'>\n\t\t\t<div class='gallery-icon landscape'>\n\t\t\t\t<a href='https:\/\/artout.ro\/reviste\/blog\/povestea-mea-art-out\/17884231_1805347973061779_6116908958207280084_n\/'><img width=\"150\" height=\"150\" src=\"https:\/\/artout.ro\/reviste\/blog\/wp-content\/uploads\/2019\/03\/17884231_1805347973061779_6116908958207280084_n-150x150.jpg\" class=\"attachment-thumbnail size-thumbnail\" alt=\"\" loading=\"lazy\" srcset=\"https:\/\/artout.ro\/reviste\/blog\/wp-content\/uploads\/2019\/03\/17884231_1805347973061779_6116908958207280084_n-150x150.jpg 150w, https:\/\/artout.ro\/reviste\/blog\/wp-content\/uploads\/2019\/03\/17884231_1805347973061779_6116908958207280084_n-120x120.jpg 120w\" sizes=\"(max-width: 150px) 100vw, 150px\" \/><\/a>\n\t\t\t<\/div><\/figure><figure class='gallery-item'>\n\t\t\t<div class='gallery-icon landscape'>\n\t\t\t\t<a href='https:\/\/artout.ro\/reviste\/blog\/povestea-mea-art-out\/17862775_1805926019670641_3000325799202942109_n\/'><img width=\"150\" height=\"150\" src=\"https:\/\/artout.ro\/reviste\/blog\/wp-content\/uploads\/2019\/03\/17862775_1805926019670641_3000325799202942109_n-150x150.jpg\" class=\"attachment-thumbnail size-thumbnail\" alt=\"\" loading=\"lazy\" srcset=\"https:\/\/artout.ro\/reviste\/blog\/wp-content\/uploads\/2019\/03\/17862775_1805926019670641_3000325799202942109_n-150x150.jpg 150w, https:\/\/artout.ro\/reviste\/blog\/wp-content\/uploads\/2019\/03\/17862775_1805926019670641_3000325799202942109_n-120x120.jpg 120w\" sizes=\"(max-width: 150px) 100vw, 150px\" \/><\/a>\n\t\t\t<\/div><\/figure>\n\t\t<\/div>\n\n<p>De acum, po\u021bi \u0219i tu s\u0103 continui povestea al\u0103turi de noi. Alege s\u0103 fii voluntar Art Out. Pentru detalii, trimite-ne CV \u0219i scrisoare de inten\u021bie la asociatie@artout.ro.<\/p>\n<p>Detalii pe pagina noastr\u0103 de facebook &#8211;\u00a0<a href=\"http:\/\/www.facebook.com\/ArtOutAssociation\">http:\/\/www.facebook.com\/ArtOutAssociation<\/a>\u00a0\u0219i pagina Galei Art Out &#8211; <a href=\"https:\/\/www.facebook.com\/galaartout\">https:\/\/www.facebook.com\/galaartout.<\/a><\/p>\n","protected":false},"excerpt":{"rendered":"<p>Povestea mea Art Out Un material realizat de Adriana \u0218arpe &nbsp; Bun\u0103 tuturor! M\u0103 numesc&#8230;<\/p>\n","protected":false},"author":1,"featured_media":13528,"comment_status":"open","ping_status":"open","sticky":false,"template":"","format":"standard","meta":[],"categories":[2],"tags":[5839,958,6096,5443],"_links":{"self":[{"href":"https:\/\/artout.ro\/reviste\/blog\/wp-json\/wp\/v2\/posts\/13522"}],"collection":[{"href":"https:\/\/artout.ro\/reviste\/blog\/wp-json\/wp\/v2\/posts"}],"about":[{"href":"https:\/\/artout.ro\/reviste\/blog\/wp-json\/wp\/v2\/types\/post"}],"author":[{"embeddable":true,"href":"https:\/\/artout.ro\/reviste\/blog\/wp-json\/wp\/v2\/users\/1"}],"replies":[{"embeddable":true,"href":"https:\/\/artout.ro\/reviste\/blog\/wp-json\/wp\/v2\/comments?post=13522"}],"version-history":[{"count":2,"href":"https:\/\/artout.ro\/reviste\/blog\/wp-json\/wp\/v2\/posts\/13522\/revisions"}],"predecessor-version":[{"id":13530,"href":"https:\/\/artout.ro\/reviste\/blog\/wp-json\/wp\/v2\/posts\/13522\/revisions\/13530"}],"wp:featuredmedia":[{"embeddable":true,"href":"https:\/\/artout.ro\/reviste\/blog\/wp-json\/wp\/v2\/media\/13528"}],"wp:attachment":[{"href":"https:\/\/artout.ro\/reviste\/blog\/wp-json\/wp\/v2\/media?parent=13522"}],"wp:term":[{"taxonomy":"category","embeddable":true,"href":"https:\/\/artout.ro\/reviste\/blog\/wp-json\/wp\/v2\/categories?post=13522"},{"taxonomy":"post_tag","embeddable":true,"href":"https:\/\/artout.ro\/reviste\/blog\/wp-json\/wp\/v2\/tags?post=13522"}],"curies":[{"name":"wp","href":"https:\/\/api.w.org\/{rel}","templated":true}]}}