{"id":13079,"date":"2018-08-11T07:05:00","date_gmt":"2018-08-11T07:05:00","guid":{"rendered":"http:\/\/artout.ro\/reviste\/blog\/?p=13079"},"modified":"2018-08-11T13:21:11","modified_gmt":"2018-08-11T13:21:11","slug":"democratia-moare-cand-iti-gazezi-poporul","status":"publish","type":"post","link":"https:\/\/artout.ro\/reviste\/blog\/democratia-moare-cand-iti-gazezi-poporul\/","title":{"rendered":"Democra\u021bia moare c\u00e2nd \u00ee\u021bi gazezi poporul"},"content":{"rendered":"<p>Mai este Rom\u00e2nia o democra\u021bie liberal\u0103 de facto? Scriem, pentru c\u0103 \u00eenc\u0103 putem, pentru c\u0103 e nevoie, pentru c\u0103 trebuie. Pentru c\u0103 evenimentele de azi, 10 august 2018, nu trebuie uitate nicic\u00e2nd, de membrii niciunei genera\u021bii. Pentru c\u0103 de la proteste pa\u0219nice, de la oameni care au venit s\u0103 militeze pentru idealul \u0219i crezul lor &#8211; anihilarea corup\u021biei, pentru o societate normal\u0103, s-a ajuns la violen\u021be de strad\u0103 inimaginabile. \u0218i da, e de datoria fiec\u0103ruia dintre noi \u0219i mai ales a membrilor societ\u0103\u021bii civile \u0219i a presei, s\u0103 nu uit\u0103m ce s-a \u00eent\u00e2mplat azi, ci s\u0103 punem \u00een context, s\u0103 \u00een\u021belegem, s\u0103 dezbatem, s\u0103 c\u0103ut\u0103m solu\u021bii, s\u0103 nu mai permitem niciodat\u0103 asta. S\u0103 nu mai permitem ca zeci de mii de copii, tineri, femei, b\u0103rba\u021bi \u0219i v\u00e2rstnici &#8211; poporul rom\u00e2n &#8211; s\u0103 \u201c\u00eencaseze\u201d gaze lacrimogene, s\u0103 ajung\u0103 la spital, s\u0103 fie r\u0103ni\u021bi, \u0219i totul pentru c\u0103 ap\u0103r\u0103 valorile democratice \u0219i europene, pentru c\u0103 manifest\u0103 pentru a spune STOP corup\u021biei.<\/p>\n<p><img src=\"https:\/\/scontent.fotp3-2.fna.fbcdn.net\/v\/t1.15752-9\/38907302_1954495021237499_2486359956383596544_n.jpg?_nc_cat=0&amp;oh=bde0fa312bfabae03702ad05337679d5&amp;oe=5BCB45B3\" alt=\"\" \/><\/p>\n<p>Concret, pe 10 august era anun\u021bat protestul ini\u021biat de membrii comunit\u0103\u021bii rom\u00e2nilor din diaspora, un protest prin care ace\u0219tia, re\u00eentor\u0219i \u00een \u021bar\u0103, au decis s\u0103 dea o m\u00e2n\u0103 de ajutor celor r\u0103ma\u0219i aici \u0219i \u00eempreun\u0103 s\u0103 spun\u0103 NU corup\u021biei, s\u0103 spun\u0103 c\u0103 nu se dore\u0219te doar schimbarea clasei politice\/ a membrilor din conducere, ci a unei \u00eentregi mentalit\u0103\u021bi care a facut ca un sfert din popula\u021bia Rom\u00e2niei s\u0103 plece la lucru \u00een str\u0103inatate dup\u0103 anii 1990. Ace\u0219ti rom\u00e2ni din diaspora au fost de dou\u0103 ori umili\u021bi \u00eentr-un interval de timp scurt, o dat\u0103 pentru c\u0103 au fost numi\u021bi <i>ho\u021bi \u0219i cer\u0219etori <\/i>\u0219i a doua oar\u0103 pentru c\u0103 s-au pus tunurile de apa pe ei \u00een Pia\u021ba Victoriei. Nu a\u0219a \u00ee\u0219i trateaz\u0103 un stat care se respect\u0103 cet\u0103\u021benii, indiferent dac\u0103 ace\u0219tia mai au re\u0219edin\u021ba sau nu pe teritoriul \u021b\u0103rii. \u0218i nu \u00een condi\u021biile \u00een care (\u0219i) ei, \u0219i prin veniturile lor, sus\u021bin activitatea socio-economic\u0103 a \u021b\u0103rii.<\/p>\n<p>Ce s-a \u00eent\u00e2mplat \u0219i cum au degenerat lucrurile? Protestul a fost masiv, at\u00e2t \u00een Bucure\u0219ti, c\u00e2t \u0219i \u00een \u021bar\u0103. Oamenii s-au (re)unit sub acela\u0219i crez comun: spunem NU corup\u021biei. Dar\u2026 sub pretextul unor acte ale huliganilor, Jandarmii au dat cu gaze lacrimogene \u00een mul\u021bime, au pus \u00een func\u021biune tunuri de apa, pentru a demobiliza protestatarii. Printre lacrimi, ace\u0219tia strigau cu vocea profund afectat\u0103: \u201cNu plec\u0103m! Nu plec\u0103m!\u201d.<\/p>\n<p>&nbsp;<\/p>\n<p>Jandarmeria, \u00een loc s\u0103 identifice persoanele care creau probleme prin violen\u021b\u0103, au ales s\u0103 foloseasc\u0103 gaze lacrimogene \u0219i tunuri de ap\u0103. Efectele nu au \u00eent\u00e2rziat s\u0103 apar\u0103, \u00eenc\u0103 din primele minute ale interven\u021biilor Jandarmeriei. \u00a0Ultimul bilan\u021b arata peste 247 de r\u0103ni\u021bi \u00een urma acestor interven\u021bii. \u00cen urma acestei seri, care trebuia s\u0103 constea doar \u00eentr-un protest pa\u0219nic, r\u0103m\u00e2n oameni cu capete sparte, cu picioare rupte, oameni la camera de gard\u0103.<\/p>\n<p>&nbsp;<\/p>\n<p>Nu vom uita niciodat\u0102 marturia emo\u021bionant\u0103 a fostului ministru al Culturii \u0219i actual senator USR, Vlad Alexandrescu: \u201c&#8221;\u0218ti\u021bi cum e s\u0103 te \u00eent\u00e2lne\u0219ti cu propriul t\u0103u copil, transportat pe targ\u0103, \u00een stare de incon\u0219tien\u021b\u0103 c\u0103tre un echipaj SMURD? Fetele mele erau cu mine la protest. Una dintre ele a \u00eenaintat pu\u021bin, cu o prieten\u0103 a ei, \u00een dreptul primelor mese de la giraf\u0103. Acolo a inhalat gazele \u00eempr\u0103\u0219tiate de for\u021bele de ordine. \u0218i-a pierdut cuno\u0219tin\u021ba. Deodat\u0103, am v\u0103zut paramedicii care transportau pe targ\u0103 o adolescent\u0103 de 16 ani. Unul dintre voluntarii care transportau targa mi-a strigat: Domnule Alexandrescu, este fata dumneavoastr\u0103! M-am al\u0103turat lor \u00een goan\u0103 \u0219i am urcat \u00een camion. A urmat resuscitarea, cu oxigen \u0219i monitorizare a inimii. Mul\u021bumesc echipei de interven\u021bie!&#8221;, conform celor scrise de acesta pe pagina sa de Facebook.<\/p>\n<p>&nbsp;<\/p>\n<p>La ora 22.00, Jandarmeria a anun\u021bat c\u0103 au fost date cele trei semnale luminoase, urm\u00e2nd a se intra \u00een for\u021ba pentru evacuarea Pie\u021bei Victoriei, lucru care s-a \u0219i \u00eent\u00e2mplat \u00een doar c\u00e2teva minute.<\/p>\n<p>Aceast\u0103 interven\u021bie a for\u021belor de ordine a fost transmis\u0103 pe tot globul, pentru c\u0103 au fost prezen\u021bi \u00een Pia\u021ba Victoriei jurnali\u0219ti ai institu\u021biilor de pres\u0103 interna\u021bionale precum Reuters, Agence France Press, Euronews etc.<\/p>\n<p>Salut\u0103m rapida luare de pozi\u021bie a membrilor opozi\u021biei, a celor din USR \u0219i a fondatorilor Mi\u0219c\u0103rii Rom\u00e2nia \u00eempreun\u0103, care condamn\u0103 aceast\u0103 interven\u021bie dur\u0103 \u0219i nejustificat\u0103 a autorit\u0103\u021bilor. Astept\u0103m lu\u0103ri de pozi\u021bie ferme din partea liderilor politici \u0219i sociali, dar \u0219i din partea liderilor societ\u0103\u021bii civicile, a mediului ONG.<\/p>\n<p>Corup\u021bia ne afecteaz\u0103 pe to\u021bi, \u00een diferitele domenii ale vie\u021bii. \u00centr-o democra\u021bie a\u0219a cum ne-o dorim, violen\u021bele nu au ce cauta, iar cet\u0103\u021benii nu trebuie s\u0103 fie \u00een lupt\u0103 cu reprezentan\u021bii autorit\u0103\u021bilor.<\/p>\n<p>Timpul va decide cine se face vinovat \u0219i de ce anume, dar p\u00e2n\u0103 atunci s\u0103 nu uit\u0103m c\u0103 rom\u00e2nii au ar\u0103tat c\u0103 sunt uni\u021bi, c\u0103 las\u0103 nevoile personale (salarii, pensii etc) pentru un \u021bel mai \u00eenalt: schimbarea mentalit\u0103\u021bilor pentru guvernarea Rom\u00e2niei \u00een interesul poporului.<\/p>\n<p>E de datoria fiec\u0103ruia dintre noi s\u0103 nu l\u0103s\u0103m ca astfel de lucruri s\u0103 continue\/ s\u0103 se repete, e de datoria noastr\u0103 s\u0103 \u00een\u021belegem m\u0103car \u00een ultimul ceas \u00eemportan\u021ba implic\u0103rii civice, a votului, a efectelor perverse ale nep\u0103s\u0103rii.<\/p>\n<p>&nbsp;<\/p>\n<p>Ast\u0103zi este inadmisibil\u0103 \u0219i impardonabil\u0103 modalitatea de ac\u021bionare a Jandarmeriei Rom\u00e2ne. Nu trebuie s\u0103 uit\u0103m aceast\u0103 sear\u0103. Nu trebuie s\u0103 r\u0103m\u00e2n\u0103 doar un eveniment \u201cnoi versus ei\u201d, cu siguran\u021b\u0103 se va cristaliza \u00een tem\u0103 de reflec\u021bie \u0219i ac\u021biune, motorul schimb\u0103rii a\u0219teptate, dorite, cerute.<\/p>\n<p>Echipa Art Out<\/p>\n<h1><\/h1>\n","protected":false},"excerpt":{"rendered":"<p>Mai este Rom\u00e2nia o democra\u021bie liberal\u0103 de facto? Scriem, pentru c\u0103 \u00eenc\u0103 putem, pentru c\u0103&#8230;<\/p>\n","protected":false},"author":1,"featured_media":0,"comment_status":"open","ping_status":"open","sticky":false,"template":"","format":"standard","meta":[],"categories":[5417,5407,14],"tags":[],"_links":{"self":[{"href":"https:\/\/artout.ro\/reviste\/blog\/wp-json\/wp\/v2\/posts\/13079"}],"collection":[{"href":"https:\/\/artout.ro\/reviste\/blog\/wp-json\/wp\/v2\/posts"}],"about":[{"href":"https:\/\/artout.ro\/reviste\/blog\/wp-json\/wp\/v2\/types\/post"}],"author":[{"embeddable":true,"href":"https:\/\/artout.ro\/reviste\/blog\/wp-json\/wp\/v2\/users\/1"}],"replies":[{"embeddable":true,"href":"https:\/\/artout.ro\/reviste\/blog\/wp-json\/wp\/v2\/comments?post=13079"}],"version-history":[{"count":2,"href":"https:\/\/artout.ro\/reviste\/blog\/wp-json\/wp\/v2\/posts\/13079\/revisions"}],"predecessor-version":[{"id":13081,"href":"https:\/\/artout.ro\/reviste\/blog\/wp-json\/wp\/v2\/posts\/13079\/revisions\/13081"}],"wp:attachment":[{"href":"https:\/\/artout.ro\/reviste\/blog\/wp-json\/wp\/v2\/media?parent=13079"}],"wp:term":[{"taxonomy":"category","embeddable":true,"href":"https:\/\/artout.ro\/reviste\/blog\/wp-json\/wp\/v2\/categories?post=13079"},{"taxonomy":"post_tag","embeddable":true,"href":"https:\/\/artout.ro\/reviste\/blog\/wp-json\/wp\/v2\/tags?post=13079"}],"curies":[{"name":"wp","href":"https:\/\/api.w.org\/{rel}","templated":true}]}}