{"id":12975,"date":"2018-06-09T17:28:54","date_gmt":"2018-06-09T17:28:54","guid":{"rendered":"http:\/\/artout.ro\/reviste\/blog\/?p=12975"},"modified":"2018-06-09T17:28:54","modified_gmt":"2018-06-09T17:28:54","slug":"noile-tehnologii-si-diversificarea-publicului-cultural","status":"publish","type":"post","link":"https:\/\/artout.ro\/reviste\/blog\/noile-tehnologii-si-diversificarea-publicului-cultural\/","title":{"rendered":"Noile tehnologii \u0219i diversificarea publicului cultural"},"content":{"rendered":"<p style=\"text-align: center; font-weight: 400;\"><a href=\"https:\/\/artout.ro\/reviste\/blog\/wp-content\/uploads\/2018\/06\/POZ\u0102-LOREDANA.jpg\"><br \/>\n<img loading=\"lazy\" class=\"aligncenter wp-image-12976 size-large\" src=\"https:\/\/artout.ro\/reviste\/blog\/wp-content\/uploads\/2018\/06\/POZ\u0102-LOREDANA-1024x526.jpg\" alt=\"POZ\u0102 LOREDANA\" width=\"665\" height=\"341\" data-id=\"12976\" srcset=\"https:\/\/artout.ro\/reviste\/blog\/wp-content\/uploads\/2018\/06\/POZ\u0102-LOREDANA-1024x526.jpg 1024w, https:\/\/artout.ro\/reviste\/blog\/wp-content\/uploads\/2018\/06\/POZ\u0102-LOREDANA-300x154.jpg 300w, https:\/\/artout.ro\/reviste\/blog\/wp-content\/uploads\/2018\/06\/POZ\u0102-LOREDANA.jpg 1200w\" sizes=\"(max-width: 665px) 100vw, 665px\" \/><\/a><em>Imaginea 1. Opinii<\/em><\/p>\n<p style=\"text-align: justify; font-weight: 400;\"><span style=\"font-weight: 400;\">Un eveniment marca CREART \u0219i Formare Cultural\u0103 a avut loc pe 6 iunie 2018, de la ora 19:00, \u00een offline \u0219i online, o dezbatere pe tema noilor tehnologii \u00een cre\u0219terea \u0219i dinamizarea publicurilor culturale.<\/span><\/p>\n<p style=\"text-align: justify;\"><span style=\"font-weight: 400;\">Invita\u021bii serii au fost Dan Benzakein care a vorbit despre poten\u021bialul realit\u0103\u021bii virtuale \u0219i augmentate \u00een proiecte culturale \u00een Rom\u00e2nia, R\u0103zvan Pascu \u2013 despre festivalul de art\u0103 \u0219i tehnologie Amural din Bra\u0219ov, Elena P\u00e2slaru-Hubati \u2013 despre comunicare inovativ\u0103 \u0219i Tudor Juravlea \u2013 despre provoc\u0103ri din mediul cultural care pot fi abordate folosind tehnologia.<\/span><\/p>\n<p style=\"text-align: justify; font-weight: 400;\"><span style=\"font-weight: 400;\">Pentru cei care nu au avut ocazia s\u0103 participe la eveniment \u00een offline, dezbaterea mai poate fi urm\u0103rit\u0103 pe canalul Youtube Modernism.ro, prin accesarea link-ului <\/span><a href=\"https:\/\/www.youtube.com\/watch?v=H1mFoV1PVNk\"><span style=\"font-weight: 400;\">https:\/\/www.youtube.com\/watch?v=H1mFoV1PVNk<\/span><\/a><\/p>\n<p style=\"text-align: justify; font-weight: 400;\"><span style=\"font-weight: 400;\">Dezbaterea a fost \u00eentre\u021binut\u0103 de Minodora Cerin \u0219i Oana Nasui \u2013 editorii volumului \u201eNoii industria\u0219i, creativii\u201d \u0219i ini\u021biatoarele platformei <\/span><a href=\"http:\/\/formareculturala.ro\/\"><span style=\"font-weight: 400;\">Formare Cultural\u0103<\/span><\/a><span style=\"font-weight: 400;\">, o platform\u0103 care \u00ee\u0219i propune s\u0103 aduc\u0103 profesioni\u0219ti \u0219i practicieni din mediul cultural \u0219i creativ \u00eempreun\u0103 cu oameni care lucreaz\u0103 sau aspir\u0103 s\u0103 lucreze \u00een acest mediu.<\/span><\/p>\n<p style=\"text-align: justify; font-weight: 400;\"><span style=\"font-weight: 400;\">CREART\u2013 Centrul de Crea\u021bie, Art\u0103 \u0219i Tradi\u021bie este un serviciu public aflat \u00een subordinea Prim\u0103riei Municipiului Bucure\u0219ti, cu misiunea de a r\u0103spunde nevoilor culturale comunitare prin oferirea de produse \u0219i servicii culturale diverse. <\/span><a href=\"http:\/\/www.creart.ro\/\"><span style=\"font-weight: 400;\">www.creart.ro<\/span><\/a><\/p>\n<p style=\"text-align: justify; font-weight: 400;\"><span style=\"font-weight: 400;\">Platforma Formare Cultural\u0103, a fost ini\u021biat\u0103 \u00een 2012, dezvolt\u0103 online \u0219i offline training-uri de formare \u0219i consultan\u021b\u0103 \u00een sectoare culturale \u0219i creative \u0219i pune la dispozi\u021bie resurse \u2013 studii, opinii, cercet\u0103ri, inclusiv cartea <\/span><a href=\"http:\/\/formareculturala.ro\/noii-industriasi-creativii\/\"><span style=\"font-weight: 400;\">\u201eNoii industria\u0219i, creativii\u201d. <\/span><\/a><\/p>\n<p>&nbsp;<\/p>\n<p style=\"font-weight: 400;\">Articol realizat de: Nicoleta-Loredana Banu<\/p>\n<p style=\"font-weight: 400;\"><span style=\"font-weight: 400;\">Sursa foto<\/span><\/p>\n<p style=\"font-weight: 400;\"><a href=\"http:\/\/formareculturala.ro\/noile-tehnologii-si-diversificarea-publicului-cultural-dezbatere-la-creart-bucuresti\/\"><span style=\"font-weight: 400;\">http:\/\/formareculturala.ro\/noile-tehnologii-si-diversificarea-publicului-cultural-dezbatere-la-creart-bucuresti\/<\/span><\/a><\/p>\n<p><br style=\"font-weight: 400;\" \/><br style=\"font-weight: 400;\" \/><\/p>\n","protected":false},"excerpt":{"rendered":"<p>Imaginea 1. Opinii Un eveniment marca CREART \u0219i Formare Cultural\u0103 a avut loc pe 6&#8230;<\/p>\n","protected":false},"author":1,"featured_media":0,"comment_status":"open","ping_status":"open","sticky":false,"template":"","format":"standard","meta":[],"categories":[2],"tags":[],"_links":{"self":[{"href":"https:\/\/artout.ro\/reviste\/blog\/wp-json\/wp\/v2\/posts\/12975"}],"collection":[{"href":"https:\/\/artout.ro\/reviste\/blog\/wp-json\/wp\/v2\/posts"}],"about":[{"href":"https:\/\/artout.ro\/reviste\/blog\/wp-json\/wp\/v2\/types\/post"}],"author":[{"embeddable":true,"href":"https:\/\/artout.ro\/reviste\/blog\/wp-json\/wp\/v2\/users\/1"}],"replies":[{"embeddable":true,"href":"https:\/\/artout.ro\/reviste\/blog\/wp-json\/wp\/v2\/comments?post=12975"}],"version-history":[{"count":1,"href":"https:\/\/artout.ro\/reviste\/blog\/wp-json\/wp\/v2\/posts\/12975\/revisions"}],"predecessor-version":[{"id":12978,"href":"https:\/\/artout.ro\/reviste\/blog\/wp-json\/wp\/v2\/posts\/12975\/revisions\/12978"}],"wp:attachment":[{"href":"https:\/\/artout.ro\/reviste\/blog\/wp-json\/wp\/v2\/media?parent=12975"}],"wp:term":[{"taxonomy":"category","embeddable":true,"href":"https:\/\/artout.ro\/reviste\/blog\/wp-json\/wp\/v2\/categories?post=12975"},{"taxonomy":"post_tag","embeddable":true,"href":"https:\/\/artout.ro\/reviste\/blog\/wp-json\/wp\/v2\/tags?post=12975"}],"curies":[{"name":"wp","href":"https:\/\/api.w.org\/{rel}","templated":true}]}}