{"id":12572,"date":"2017-12-07T08:31:41","date_gmt":"2017-12-07T08:31:41","guid":{"rendered":"http:\/\/artout.ro\/reviste\/blog\/?p=12572"},"modified":"2017-12-07T08:31:41","modified_gmt":"2017-12-07T08:31:41","slug":"lumina-si-umbra-de-victor-mathiesz","status":"publish","type":"post","link":"https:\/\/artout.ro\/reviste\/blog\/lumina-si-umbra-de-victor-mathiesz\/","title":{"rendered":"\u201eLumin\u0103 \u0219i umbr\u0103\u201d de Victor Mathiesz"},"content":{"rendered":"<p style=\"text-align: justify;\">Abstract: Lavinia Obreja debuteaz\u0103 la Blogul Art Out cu recenzia c\u0103r\u021bii <em>Lumin\u0103 \u0219i umbr\u0103<\/em>, al c\u0103rui autor este Victor Mathiesz. Cartea vorbe\u0219te despre maturitatea unui adolescent de 18 ani, care vede lumea \u00een alb negru, lumin\u0103 \u0219i umbra raport\u00e2ndu-se la realit\u0103\u021bile cotidine.<\/p>\n<p style=\"text-align: justify;\">Cuvinte-cheie: lumin\u0103, umbr\u0103, vis, evadare, adolescen\u021b\u0103.<\/p>\n<p style=\"text-align: justify;\">Tinerii scriitori \u00ee\u0219i fac tot mai rar apari\u021bia pe scena rom\u00e2neasc\u0103. Sus\u021binere nu g\u0103sesc dec\u00e2t la p\u0103rin\u021bi \u0219i, poate, pe la prieteni, c\u0103ci editurile nu fac nimic pentru a \u00eei ajuta. Costurile public\u0103rii unei c\u0103r\u021bi sunt imense, iar profitul este, adesea, inexistent. Dar unele vise nu pier niciodat\u0103. A\u0219a se face c\u0103 Victor Mathiesz, un licean de 18 ani, \u0219i-a lansat \u00een noiembrie prima carte de pove\u0219ti prin editura Pim.<\/p>\n<p style=\"text-align: justify;\">Victor are vise m\u0103re\u021be. Vrea s\u0103 \u00ee\u0219i traduc\u0103 pove\u0219tile \u00een c\u00e2t mai multe limbi \u0219i s\u0103 le publice \u00een \u00eentreaga Europ\u0103. A \u00eenceput s\u0103 scrie la 14 ani, c\u00e2nd a trecut prin anumite situa\u021bii personale mai dificile. Scrisul a devenit un mijloc prin care se putea reg\u0103si, avans\u00e2nd p\u00e2n\u0103 la punctul \u00een care e capabil s\u0103 transmit\u0103 oamenilor un mesaj. T\u00e2n\u0103rul e inspirat de copil\u0103ria lui \u00een scrierea pove\u0219tilor. \u201eO parte din mine nu a vrut s\u0103 se maturizeze niciodat\u0103\u201d, ne m\u0103rturise\u0219te el. Imagina\u021bia lui lua rareori pauz\u0103. Lui Victor \u00eei e greu s\u0103 vorbeasc\u0103 \u00een fa\u021ba unui public. G\u0103se\u0219te comfort \u00een singur\u0103tate: \u201esunt o fire mai retras\u0103, un introvertit.\u201d Nu evit\u0103 cu bun\u0103-\u0219tiin\u021b\u0103 oamenii, \u00eei plac \u201ecei care sunt buni\u201d. Dar, certitudinea este c\u0103 el va continua s\u0103 scrie pentru noi, to\u021bi. Iubitor de Alexandre Dumas \u0219i J.K. Rowling, inspirat de personaje precum Contele de Monte Cristo \u0219i Batman, chiar el su\u021bine c\u0103 e \u201eun paradox.\u201d<\/p>\n<p style=\"text-align: justify;\">Titlul \u201eLumin\u0103 \u0219i umbr\u0103\u201d l-a ales pentru a eviden\u021bia c\u0103 \u00eentreaga carte e o metafor\u0103. \u201eTrebuie s\u0103 \u0219tii s\u0103 cite\u0219ti printre r\u00e2nduri. Nimic nu se g\u0103se\u0219te \u00een form\u0103 pur\u0103 \u00een via\u021b\u0103. Lumea p\u0103m\u00e2nteasc\u0103 e o simbioz\u0103 a luminii \u0219i \u00eentunericului. Prea mult\u0103 lumin\u0103 te poate orbi, prea mult \u00eentuneric te face s\u0103 \u00ee\u021bi pierzi orientarea. E bine s\u0103 g\u0103se\u0219ti un echilibru, o combina\u021bie: umbra.\u201d<\/p>\n<p style=\"text-align: justify;\"><a href=\"https:\/\/artout.ro\/reviste\/blog\/wp-content\/uploads\/2017\/12\/IMG_20171129_150838-1.jpg\"><img loading=\"lazy\" class=\"aligncenter wp-image-12574 size-medium\" src=\"https:\/\/artout.ro\/reviste\/blog\/wp-content\/uploads\/2017\/12\/IMG_20171129_150838-1-168x300.jpg\" alt=\"Lumin\u0103 \u0219i umbr\u0103\" width=\"168\" height=\"300\" data-id=\"12574\" srcset=\"https:\/\/artout.ro\/reviste\/blog\/wp-content\/uploads\/2017\/12\/IMG_20171129_150838-1-168x300.jpg 168w, https:\/\/artout.ro\/reviste\/blog\/wp-content\/uploads\/2017\/12\/IMG_20171129_150838-1-576x1024.jpg 576w, https:\/\/artout.ro\/reviste\/blog\/wp-content\/uploads\/2017\/12\/IMG_20171129_150838-1-624x1109.jpg 624w, https:\/\/artout.ro\/reviste\/blog\/wp-content\/uploads\/2017\/12\/IMG_20171129_150838-1-900x1600.jpg 900w\" sizes=\"(max-width: 168px) 100vw, 168px\" \/><\/a><\/p>\n<p style=\"text-align: justify;\">\n<p style=\"text-align: center;\"><em><span style=\"color: #545454;\">\u201e<\/span>Lumin\u0103 \u0219i umbr\u0103<span style=\"color: #545454;\">\u201d<\/span><\/em><\/p>\n<p style=\"text-align: justify;\">Cartea e compus\u0103 din trei pove\u0219ti. De\u0219i decorul ei e creat pentru copii, e destinat\u0103 tuturor celor care pot \u00een\u021belege mesajul. \u00cen \u201eR.B.U. \u2013 profe\u021bia \u00eencepe a se adeveri\u201d broscoiul Breky g\u0103se\u0219te o sabie care \u00eel desemneaz\u0103 ca Eliberatorul Regatului. \u201eMicu\u021bii eroi\u201d \u00eencepe saga aventurilor sold\u0103\u021beilor de juc\u0103rie. \u201eVisul\u201d e povestea care \u00eencheie cartea, \u00een care pentru prima dat\u0103, personajul principal este un b\u0103iat, o fiin\u021b\u0103 uman\u0103. El \u00eei poveste\u0219te mamei sale un vis, m\u0103cinat de \u00eentrebarea: cum po\u021bi s\u0103 tr\u0103ie\u0219ti o via\u021b\u0103 \u00een mintea ta \u00een doar c\u00e2teva secunde? Broscoiul, b\u0103iatul \u0219i sold\u0103\u021beii au \u00een comun no\u021biunea de a fi Cel Ales. Doar ei sunt capabili s\u0103 opreasc\u0103 Regatul s\u0103 se destrame, doar ei pot salva lumea. De\u021bin o moralitate \u0219i un curaj la care restul cu greu pot accede. R\u0103uf\u0103c\u0103torii sunt fiin\u021be ne\u00een\u021belese, izgonite de societate: <em>\u201eCeva mai r\u0103u dec\u00e2t singur\u0103tatea este a fi \u00eentre fiin\u021be de aceea\u0219i specie ca tine \u0219i de a fi batjocorit de propria ta familie. E mai comod a judeca pe cineva dec\u00e2t a face un mic efort \u00een a-l cunoa\u0219te \u0219i a-l \u00een\u021belege.\u201d<\/em><\/p>\n<p style=\"text-align: justify;\">Niciuna dintre aceste pove\u0219ti nu este cu adev\u0103rat terminat\u0103. Par a fi ni\u0219te capitole de \u00eenceput ale unei pove\u0219ti mai ample, ale unei lumi noi, capabile s\u0103 ne \u00eenc\u00e2nte sau s\u0103 ne \u00eengrozeasc\u0103. Toate transmit acela\u0219i mesaj: \u00een via\u021b\u0103 cel mai important e s\u0103 \u00ee\u021bi g\u0103se\u0219ti busola, adev\u0103ratul nord, scopul pentru care exi\u0219ti. Nimeni nu e compus doar din Lumin\u0103 sau doar din \u00centuneric. Acestea coexist\u0103 \u00een sufletul fiec\u0103rei fiin\u021be. Prin asocierea lor se na\u0219te umbra \u0219i \u201echiar \u0219i cel mai negativ personaj are \u00een sinea sa o Umbr\u0103 a Binelui.\u201d<\/p>\n<p style=\"text-align: justify;\">\n<p style=\"text-align: justify;\">\n<p style=\"text-align: justify;\">\u00a0Citatele: Victor Mathiesz<\/p>\n<p style=\"text-align: justify;\">Sursa foto: Lavinia Obreja<\/p>\n","protected":false},"excerpt":{"rendered":"<p>Abstract: Lavinia Obreja debuteaz\u0103 la Blogul Art Out cu recenzia c\u0103r\u021bii Lumin\u0103 \u0219i umbr\u0103, al&#8230;<\/p>\n","protected":false},"author":1,"featured_media":0,"comment_status":"open","ping_status":"open","sticky":false,"template":"","format":"standard","meta":[],"categories":[13],"tags":[4783,5637,1301,5635,5636],"_links":{"self":[{"href":"https:\/\/artout.ro\/reviste\/blog\/wp-json\/wp\/v2\/posts\/12572"}],"collection":[{"href":"https:\/\/artout.ro\/reviste\/blog\/wp-json\/wp\/v2\/posts"}],"about":[{"href":"https:\/\/artout.ro\/reviste\/blog\/wp-json\/wp\/v2\/types\/post"}],"author":[{"embeddable":true,"href":"https:\/\/artout.ro\/reviste\/blog\/wp-json\/wp\/v2\/users\/1"}],"replies":[{"embeddable":true,"href":"https:\/\/artout.ro\/reviste\/blog\/wp-json\/wp\/v2\/comments?post=12572"}],"version-history":[{"count":1,"href":"https:\/\/artout.ro\/reviste\/blog\/wp-json\/wp\/v2\/posts\/12572\/revisions"}],"predecessor-version":[{"id":12575,"href":"https:\/\/artout.ro\/reviste\/blog\/wp-json\/wp\/v2\/posts\/12572\/revisions\/12575"}],"wp:attachment":[{"href":"https:\/\/artout.ro\/reviste\/blog\/wp-json\/wp\/v2\/media?parent=12572"}],"wp:term":[{"taxonomy":"category","embeddable":true,"href":"https:\/\/artout.ro\/reviste\/blog\/wp-json\/wp\/v2\/categories?post=12572"},{"taxonomy":"post_tag","embeddable":true,"href":"https:\/\/artout.ro\/reviste\/blog\/wp-json\/wp\/v2\/tags?post=12572"}],"curies":[{"name":"wp","href":"https:\/\/api.w.org\/{rel}","templated":true}]}}