{"id":10294,"date":"2016-07-18T12:54:41","date_gmt":"2016-07-18T12:54:41","guid":{"rendered":"http:\/\/artout.ro\/reviste\/blog\/?p=10294"},"modified":"2016-07-18T12:54:41","modified_gmt":"2016-07-18T12:54:41","slug":"de-vorba-cu-pianista-diana-ionescu","status":"publish","type":"post","link":"https:\/\/artout.ro\/reviste\/blog\/de-vorba-cu-pianista-diana-ionescu\/","title":{"rendered":"De vorb\u0103 cu pianista Diana Ionescu"},"content":{"rendered":"<p style=\"text-align: justify;\">\u00cenainte de a pune \u00een ordine ideile \u0219i informa\u021biile adunate de la interviu, mi-am oferit pu\u021bin timp de a \u00eemi pune eu \u00eens\u0103mi g\u00e2ndurile \u00een ordine. Un om care te inspir\u0103 cu adev\u0103rat, te inspir\u0103 pentru mai mult de c\u00e2teva ore.<\/p>\n<p style=\"text-align: justify;\">Diana Ionescu, pianist\u0103 \u0219i director artistic al Festivalului Interna\u021bional de muzic\u0103 de camer\u0103 \u0219i arte Vibrate! Festival, mi-a acordat, \u00eentr-o diminea\u021b\u0103 \u00een care ora\u0219ul de la poalele T\u00e2mpei era la fel de frumos ca \u00een orice alt\u0103 zi de var\u0103, un timp pentru descoperirea sinelui \u0219i a artei, \u00een complexitatea sa. Venisem preg\u0103tit\u0103 cu o list\u0103 de \u00eentreb\u0103ri, structurate chiar a\u0219a \u00eenc\u00e2t s\u0103 pot afla c\u00e2t mai multe. N-a fost nevoie \u00eens\u0103 s\u0103 urmez modelul tradi\u021bional. Conversa\u021bia avea un aer pl\u0103cut, de familiaritate, rezon\u00e2nd permanent\u00a0 cu sufletul meu de adolescent iubitor de tot ceea ce \u00eenseamn\u0103 art\u0103.<\/p>\n<p><a href=\"https:\/\/artout.ro\/reviste\/blog\/wp-content\/uploads\/2016\/07\/13711453_1023942924350586_1541614249_o.jpg\"><img loading=\"lazy\" class=\"size-full wp-image-10299 aligncenter\" src=\"https:\/\/artout.ro\/reviste\/blog\/wp-content\/uploads\/2016\/07\/13711453_1023942924350586_1541614249_o.jpg\" alt=\"13711453_1023942924350586_1541614249_o\" width=\"1920\" height=\"1279\" data-id=\"10299\" srcset=\"https:\/\/artout.ro\/reviste\/blog\/wp-content\/uploads\/2016\/07\/13711453_1023942924350586_1541614249_o.jpg 1920w, https:\/\/artout.ro\/reviste\/blog\/wp-content\/uploads\/2016\/07\/13711453_1023942924350586_1541614249_o-300x199.jpg 300w, https:\/\/artout.ro\/reviste\/blog\/wp-content\/uploads\/2016\/07\/13711453_1023942924350586_1541614249_o-1024x682.jpg 1024w, https:\/\/artout.ro\/reviste\/blog\/wp-content\/uploads\/2016\/07\/13711453_1023942924350586_1541614249_o-624x415.jpg 624w, https:\/\/artout.ro\/reviste\/blog\/wp-content\/uploads\/2016\/07\/13711453_1023942924350586_1541614249_o-900x599.jpg 900w\" sizes=\"(max-width: 1920px) 100vw, 1920px\" \/><\/a><\/p>\n<h6 style=\"text-align: center;\">\u00a0Credit:\u00a0<span style=\"color: #4b4f56;\">Nadia Comanici<\/span><\/h6>\n<p style=\"text-align: justify;\">Natural, prima \u00eentrebare adresat\u0103 a fost cea legat\u0103 de pasiunea pentru muzic\u0103, de unde a\u00a0pornit \u0219i cum s-a \u00een\u0103l\u021bat a\u0219a \u00eenc\u00e2t s\u0103 prind\u0103 aripi. Mi-a spus c\u0103 fratele bunicii sale, Marin Constantin, a fost muzicianul, dirijorul \u0219i directorul Corului Na\u021bional de Camer\u0103 Madrigal.<em>\u201dCresc\u00e2nd \u00eentr-un asemenea mediu, al\u0103turi de muzica madrigalului, nu a fost greu s\u0103 ridic \u0219tacheta la un nivel foarte \u00eenalt. Fiind copil unic, p\u0103rin\u021bii mei mi-au oferit ocazia s\u0103 \u00eencerc orice, de la sport p\u00e2n\u0103 la art\u0103.\u201d <\/em>Primul instrument pe care a inten\u021bionat s\u0103 \u00ee\u0219i pun\u0103 amprenta a fost vioara \u2013 <em>\u201do catastrof\u0103 absolut\u0103\u201d<\/em>&#8211; a\u0219a cum poveste\u0219te. Pianul a \u00eencheiat \u0219irul c\u0103ut\u0103rilor \u0219i a \u00eentregit ideea c\u0103 viitoarea pianist\u0103 era foarte talentat\u0103. Prima profesoar\u0103 de pian a fost Sanda Bobescu, despre care a povestit f\u0103c\u00e2nd o analogia a unei rame de tablou <em>: \u201dPrimii profesori \u00ee\u021bi deschid o nou\u0103 lume. Dac\u0103 ai o ram\u0103 de tablou care te atrage, e\u0219ti ner\u0103bd\u0103tor s\u0103 pictezi, \u00eens\u0103 dac\u0103 fundalul nu \u00ee\u021bi st\u00e2rne\u0219te interesul, deja startul nu e tocmai potrivit, p\u00e2n\u0103 s\u0103 aflii c\u0103 exist\u0103 \u0219i alte tablouri. \u00cen cazul meu a fost un tablou extraordinar de fericit.\u201d<\/em><\/p>\n<p><a href=\"https:\/\/artout.ro\/reviste\/blog\/wp-content\/uploads\/2016\/07\/13664817_1023942904350588_17938441_n.jpg\"><img loading=\"lazy\" class=\"wp-image-10295 aligncenter\" src=\"https:\/\/artout.ro\/reviste\/blog\/wp-content\/uploads\/2016\/07\/13664817_1023942904350588_17938441_n.jpg\" alt=\"13664817_1023942904350588_17938441_n\" width=\"537\" height=\"805\" data-id=\"10295\" srcset=\"https:\/\/artout.ro\/reviste\/blog\/wp-content\/uploads\/2016\/07\/13664817_1023942904350588_17938441_n.jpg 567w, https:\/\/artout.ro\/reviste\/blog\/wp-content\/uploads\/2016\/07\/13664817_1023942904350588_17938441_n-200x300.jpg 200w\" sizes=\"(max-width: 537px) 100vw, 537px\" \/><\/a><\/p>\n<h6 style=\"text-align: center;\"><span style=\"font-weight: bold;\">Credit:\u00a0<\/span><span style=\"color: #4b4f56;\">Nadia Comanici<\/span><\/h6>\n<p style=\"text-align: justify;\">Auzind de foarte multe ori tipicele observa\u021bii ale celor care nu \u0219tiu c\u0103 pasiunea nu r\u0103pe\u0219te copil\u0103ria, Diana Ionescu recunoa\u0219te c\u0103 studiul nu a fost un chin, ci mai degrab\u0103 o parte semnificativ de frumoas\u0103 a copil\u0103riei. Datorit\u0103 profesoarei sale, pe care o descrie ca fiind un om deosebit de charismatic, deschis, muzical, studiul nu a fost niciodat\u0103 partea care a umbrit fericirea copilului Diana Ionescu. <em>\u201dA\u0219teptam orele de pian, o iubeam la nebunie. A fost un mare sprijin, av\u00e2nd \u00een vedere faptul c\u0103 nu a fost posibil s\u0103 am \u00eentotdeauna fizic p\u0103rin\u021bii l\u00e2ng\u0103 mine.\u201d<\/em> Poveste\u0219te despre Sanda Bobescu.<\/p>\n<p style=\"text-align: justify;\">Dup\u0103 absolvirea Conservatorului din Bucure\u0219ti, a p\u0103r\u0103sit meleagurile natale \u0219i a \u00eenceput s\u0103 studieze la\u00a0 \u201d<em>Guildhall School of Music and Drama\u201d<\/em> \u00een Londra. \u00centreb\u00e2nd-o \u00een ce m\u0103sur\u0103 influen\u021beaz\u0103 o experien\u021b\u0103 interna\u021bional\u0103 un t\u00e2n\u0103r, mi-a r\u0103spuns cu un singur cuv\u00e2nt: <em>\u201dENORM. Este esen\u021bial, mai ales \u00een lumea de ast\u0103zi. Depinde, desigur \u0219i de domeniu, \u00eens\u0103 orice artist care a schimbat pu\u021bin mediul de acas\u0103 \u0219i c\u0103l\u0103tore\u0219te, se \u00eembog\u0103\u021be\u0219te suflete\u0219te, iar cu c\u00e2t este mai bogat suflete\u0219te, cu at\u00e2t este mai creativ. C\u0103l\u0103toria \u00ee\u021bi ofer\u0103 complet alt\u0103 perspectiv\u0103, v\u0103z\u00e2nd foarte multe tipuri de oameni, de credin\u021be, de idei, devii mult mai deschis, mult mai tolerant. \u00cen\u021belegerea \u0219i cunoa\u0219terea nu \u00eenseamn\u0103 pierderea identit\u0103\u021bii. Pus \u00eentr-un alt context, \u00eenconjurat de alte lucruri, devii mult mai con\u0219tient de ceea ce e\u0219ti tu.<\/em><\/p>\n<p><em>Legat de Londra, am iubit \u0219i iubesc foarte mult\u00a0 faptul c\u0103 acest ora\u0219 \u00eembr\u0103\u021bi\u0219eaz\u0103 foarte multe culturi. Po\u021bi g\u0103si la doar o sta\u021bie de autobuz distan\u021b\u0103 o comunitate de ru\u0219i sau de arabi care tr\u0103iesc dup\u0103 propriile cutume, desigur \u00eencadrate \u00een contextul Londrei. V\u0103z\u00e2nd o asemnea diversitate, ajungi s\u0103 \u00een\u021belegi c\u0103 \u0219i ei sunt oameni ca tine, au dorin\u021be, sentimente, nevoi asemnea fiec\u0103ruia dintre noi.\u201d<\/em><\/p>\n<p style=\"text-align: justify;\"><strong>Cum s-a n\u0103scut \u00eens\u0103 ideea unui festival?<\/strong><\/p>\n<p><a href=\"https:\/\/artout.ro\/reviste\/blog\/wp-content\/uploads\/2016\/07\/13730519_1023942951017250_622598091_o.jpg\"><img loading=\"lazy\" class=\"size-full wp-image-10298 aligncenter\" src=\"https:\/\/artout.ro\/reviste\/blog\/wp-content\/uploads\/2016\/07\/13730519_1023942951017250_622598091_o.jpg\" alt=\"13730519_1023942951017250_622598091_o\" width=\"1920\" height=\"1279\" data-id=\"10298\" srcset=\"https:\/\/artout.ro\/reviste\/blog\/wp-content\/uploads\/2016\/07\/13730519_1023942951017250_622598091_o.jpg 1920w, https:\/\/artout.ro\/reviste\/blog\/wp-content\/uploads\/2016\/07\/13730519_1023942951017250_622598091_o-300x199.jpg 300w, https:\/\/artout.ro\/reviste\/blog\/wp-content\/uploads\/2016\/07\/13730519_1023942951017250_622598091_o-1024x682.jpg 1024w, https:\/\/artout.ro\/reviste\/blog\/wp-content\/uploads\/2016\/07\/13730519_1023942951017250_622598091_o-624x415.jpg 624w, https:\/\/artout.ro\/reviste\/blog\/wp-content\/uploads\/2016\/07\/13730519_1023942951017250_622598091_o-900x599.jpg 900w\" sizes=\"(max-width: 1920px) 100vw, 1920px\" \/><\/a><\/p>\n<h6 style=\"text-align: center;\"><span style=\"font-weight: bold;\">Credit:\u00a0<\/span><span style=\"color: #4b4f56;\">Nadia Comanici<\/span><\/h6>\n<p style=\"text-align: justify;\"><em>\u201d\u00cen momentul \u00een care \u00ee\u021bi dore\u0219ti s\u0103 realizezi ceva legat de muzic\u0103 exist\u0103 multe posibilit\u0103\u021bi. Po\u021bi realiza un concurs, un festival, ateliere \u0219i a\u0219a mai departe. <\/em><\/p>\n<p style=\"text-align: justify;\"><em>Venind din ce \u00een ce mai des la Bra\u0219ov \u0219i v\u0103z\u00e2nd peisajul excep\u021bional, oamenii foarte deschi\u0219i, locuri cu un poten\u021bial acustic deosebit,\u00a0 m-am \u00eentrebat de ce ar fi Bra\u0219ovul considerat mai prejos dec\u00e2t orice alt mare ora\u0219 care g\u0103zduie\u0219te un festival de acest tip.<\/em><\/p>\n<p style=\"text-align: justify;\"><em>\u00cempreun\u0103 cu Vlad Maistorovici \u0219i M\u0103d\u0103lin Iacob am elaborat ideea festivalului, convin\u0219i c\u0103 aerul Bra\u0219ovului \u0219i locurile deosebite ar putea da startul unui eveniment inedit. Av\u00e2nd foarte mul\u021bi prieteni la Londra care au r\u0103spuns cu entuziasm ideei, a\u00a0 mai fost doar un pas p\u00e2n\u0103 la realizarea primei edi\u021bii.<\/em><\/p>\n<p style=\"text-align: justify;\"><em>De asemenea , ceea ce m-a determinat s\u0103 m\u0103 implic \u00een crearea acestui festival\u00a0 a fost iubirea de oameni, \u00a0interesul \u00a0fa\u021b\u0103 de ceea ce se \u00eent\u00e2mpl\u0103 cu ei, \u00a0interesul fa\u021b\u0103 de \u00een\u021belegerea pe care o pot manifesta fa\u021b\u0103 de ace\u0219tia. Desigur, dac\u0103 pot ajuta m\u0103 bucur, iar dac\u0103 pot s\u0103 influen\u021bez pozitiv via\u021ba lor, cu at\u00e2t mai bine.<\/em><\/p>\n<p style=\"text-align: justify;\"><em>Oameni tineri, mediu dinamic, muzic\u0103 de cea mai bun\u0103 calitate, toate sub vegherea ora\u0219ului Bra\u0219ov. Ceea ce a reprezentat un element de noutate la cea de-a doua edi\u021bie a fost organizarea diferitelor ateliere, prin intermediul c\u0103rora oamenii de toate v\u00e2rstele puteau lua cu ei o buc\u0103\u021bic\u0103 de art\u0103.\u201d<\/em><\/p>\n<p style=\"text-align: justify;\">Povestindu-mi despre ideea festivalului, am \u00eentrebat, curioas\u0103, despre cum percep oamenii de ast\u0103zi muzica clasic\u0103, \u201dmuzica grea\u201d. Iat\u0103 r\u0103spunsul Dianei Ionescu: <em>Nimic nu e greu \u00een momentul \u00een care \u021bi se dau ni\u0219te informa\u021bii, \u021bi se explic\u0103 despre ce este vorba \u0219i \u021bi se faciliteaz\u0103 accesul c\u0103tre acel ceva. Nu po\u021bi rezolva cele mai grele probleme de matematic\u0103, dac\u0103 nu ai cuno\u0219tin\u021bele elementare ale adun\u0103rii. <\/em><\/p>\n<p style=\"text-align: justify;\"><em>Mi se pare nedrept s\u0103 \u00eengropi ceva f\u0103r\u0103 ca m\u0103car s\u0103 \u00eei dai o \u0219ans\u0103, \u0219i toate acestea doar pentru c\u0103 nu po\u021bi \u00een\u021belege. De ce s\u0103 nu pui totul \u00eentr-un alt context, s\u0103 \u00eembraci altfel \u00eentreaga idee astfel \u00eenc\u00e2t s\u0103 te apropii, s\u0103 rela\u021bionezi, s\u0103 empatizezi. Muzica \u0219i arta, acum 1000-2000 de ani \u00een urm\u0103, ca \u0219i \u00een momentul de fa\u021b\u0103, vizeaz\u0103 acelea\u0219i st\u0103ri emo\u021bionale ale omului care simte nevoia s\u0103 se exprime prin frumos. Sigur, \u00eentre timp lucrurile au evoluat, \u00eens\u0103 ceea ce este cert este c\u0103 oamenii de ieri \u0219i de\u00a0 ast\u0103zi au c\u00e2te ceva \u00een comun: iubesc, se \u00eendr\u0103gostesc, sufer\u0103, le plac sau nu anumite lucruri \u0219i mai ales au nevoie de art\u0103.<\/em><\/p>\n<p style=\"text-align: justify;\"><em>Muzica clasic\u0103, referindu-ne exclusiv, este pur \u0219i simplu un alt limbaj. A\u0219a cum po\u021bi transpune un cuv\u00e2nt \u00een mai multe limbi, a\u0219a po\u021bi transforma arta \u00een mai multe feluri de exprimare.<\/em><\/p>\n<p style=\"text-align: justify;\"><em>Din acest motiv am vrut s\u0103 aducem \u00een cadrul festivalului tineri, s\u0103 d\u0103m via\u021b\u0103 lucrurilor interactive. Componenta filantropic\u0103 \u0219i cea educa\u021bional\u0103 s-au contopit pentru a crea un motiv de integrare- muzica clasic\u0103 este \u00eentr-adev\u0103r pentru fiecare dintre noi. \u00cen afara grani\u021bei \u021b\u0103rii noastre, \u00een Anglia, muzica cunoa\u0219te un alt nivel<\/em><em>; spre exemplu, bolnavilor terminali li se recomand\u0103 ascultarea muzicii clasice pentru c\u0103 prin acest mod se diminueaz\u0103 efectele secundare ale chimioterapiei. Muzica clasic\u0103 este o terapie. Sigur, \u00een cadrul festivalului nu am mers \u00eentr-at\u00e2t de departe, \u00eens\u0103 influen\u021bele pozitive au fost prezente, nu numai prin muzica \u00een sine, dar \u0219i prin discu\u021bia psihiatrului Greg Radu despre influen\u021bele muzicii \u0219i alte asemenea ateliere.<\/em><\/p>\n<p style=\"text-align: justify;\">Atmosfera deosebit\u0103 a festivalului este datorat\u0103 \u0219i lipsei de competi\u021bie: <em>\u201dCeva ce am vrut s\u0103 evit\u0103m a fost competi\u021bia. Nimeni nu este \u00een competi\u021bie cu nimeni. Nu este \u00een competi\u021bie dec\u00e2t cu el \u00eensu\u0219i, nu este presat de nimic ca s\u0103 dea tot ceea ce este mai bun, este strict o alegere personal\u0103, \u021bine de pl\u0103cere \u0219i dorin\u021b\u0103.<\/em><\/p>\n<p><em>V\u0103z\u00e2nd \u00eens\u0103 dedicarea arti\u0219tilor, dorin\u021ba lor de a da tot ceea ce este mai bun, te determin\u0103 \u0219i pe tine s\u0103 fii la \u00een\u0103l\u021bime, te \u00eencarc\u0103 \u00een a\u0219a fel \u00eenc\u00e2t s\u0103 g\u0103se\u0219ti resurse neb\u0103nuite de energie.\u201d<\/em><\/p>\n<p style=\"text-align: justify;\"><strong>Parcursul festivalului?<\/strong><\/p>\n<p><a href=\"https:\/\/artout.ro\/reviste\/blog\/wp-content\/uploads\/2016\/07\/13734775_1023942901017255_1519823151_n.jpg\"><img loading=\"lazy\" class=\"size-full wp-image-10301 aligncenter\" src=\"https:\/\/artout.ro\/reviste\/blog\/wp-content\/uploads\/2016\/07\/13734775_1023942901017255_1519823151_n.jpg\" alt=\"13734775_1023942901017255_1519823151_n\" width=\"580\" height=\"387\" data-id=\"10301\" srcset=\"https:\/\/artout.ro\/reviste\/blog\/wp-content\/uploads\/2016\/07\/13734775_1023942901017255_1519823151_n.jpg 580w, https:\/\/artout.ro\/reviste\/blog\/wp-content\/uploads\/2016\/07\/13734775_1023942901017255_1519823151_n-300x200.jpg 300w\" sizes=\"(max-width: 580px) 100vw, 580px\" \/><\/a><\/p>\n<h6 style=\"text-align: center;\"><span style=\"font-weight: bold;\">Credit:\u00a0<\/span><span style=\"color: #4b4f56;\">Nadia Comanici<\/span><\/h6>\n<p style=\"text-align: justify;\"><em>\u201dLa prima edi\u021bie pot spune c\u0103 am fost asemenea unor bebelu\u0219i. Nici eu, nici colegii mei cu care am organizat festivalul, nu am fost persoane care s-au ocaupat exclusiv de asta, care aveau experien\u021b\u0103 \u00een organizarea unui festival. \u00cens\u0103, al\u0103turi de oamenii potrivi\u021bi- Dan Oprea,pre\u0219edintele Depoului de Art\u0103 Urban\u0103 Bra\u0219ov, Alina Moldovan, Ioana Danu, Mihai Stan, Adina Chrivasa, Laura Iosub, Olga Avramov, \u0219i de partenerii potrivi\u021bi,Prim\u0103ria Municipiului Bra\u0219ov, Depoul de Art\u0103 Urban\u0103, Universitatea Transilvania Bra\u0219ov, Asocia\u021bia pentru Muzic\u0103, Art\u0103 \u0219i Cultur\u0103, festivalul acesta a fost posibil. \u0218tiam ce ne doream noi, cum ne-am fi sim\u021bit bine, ce ne-ar fi pl\u0103cut s\u0103 fie, \u00een viziunea noastr\u0103, ca arti\u0219ti. Latura organizatoric\u0103 am asimilat-o pe parcurs, \u201ddin mers\u201d. La prima edi\u021bie, fiecare a f\u0103cut tot ceea ce a fost nevoie pentru buna desf\u0103\u0219urare a festivalului, iar anul acesta echipa s-a m\u0103rit considerabil.\u201d<\/em><\/p>\n<p style=\"text-align: justify;\"><strong>3 lei din pre\u021bul biletului s-au \u00eendreptat c\u0103tre un act de binefacere<\/strong><\/p>\n<p style=\"text-align: justify;\"><a href=\"https:\/\/artout.ro\/reviste\/blog\/wp-content\/uploads\/2016\/07\/13720686_1023942921017253_1164472683_o.jpg\"><img loading=\"lazy\" class=\"alignright size-full wp-image-10297\" src=\"https:\/\/artout.ro\/reviste\/blog\/wp-content\/uploads\/2016\/07\/13720686_1023942921017253_1164472683_o.jpg\" alt=\"13720686_1023942921017253_1164472683_o\" width=\"1500\" height=\"1000\" data-id=\"10297\" srcset=\"https:\/\/artout.ro\/reviste\/blog\/wp-content\/uploads\/2016\/07\/13720686_1023942921017253_1164472683_o.jpg 1500w, https:\/\/artout.ro\/reviste\/blog\/wp-content\/uploads\/2016\/07\/13720686_1023942921017253_1164472683_o-300x200.jpg 300w, https:\/\/artout.ro\/reviste\/blog\/wp-content\/uploads\/2016\/07\/13720686_1023942921017253_1164472683_o-1024x682.jpg 1024w, https:\/\/artout.ro\/reviste\/blog\/wp-content\/uploads\/2016\/07\/13720686_1023942921017253_1164472683_o-624x416.jpg 624w, https:\/\/artout.ro\/reviste\/blog\/wp-content\/uploads\/2016\/07\/13720686_1023942921017253_1164472683_o-900x600.jpg 900w\" sizes=\"(max-width: 1500px) 100vw, 1500px\" \/><\/a><\/p>\n<p style=\"text-align: justify;\">\n<p style=\"text-align: justify;\">\n<h6 style=\"text-align: center;\">\u00a0<span style=\"font-weight: bold;\">Credit:\u00a0<\/span><span style=\"color: #4b4f56;\">Nadia Comanici<\/span><\/h6>\n<p style=\"text-align: justify;\">\u00cen Anglia conceptul de a ajuta este mult mai dezvoltat. Exist\u0103 charity shop-uri de unde po\u021bi achizi\u021biona obiecte la m\u00e2na a doua, iar banii care se str\u00e2ng \u00een urma acestor v\u00e2nz\u0103ri sunt direc\u021biona\u021bi c\u0103tre oamenii care chiar au nevoie. Sunt foarte mul\u021bi oameni boga\u021bi care prefer\u0103 s\u0103 cumpere o carte de la aceste magazine, s\u0103 o citeasc\u0103, iar apoi s\u0103 o returneze pentru a putea fi citit\u0103 \u0219i de al\u021bii. Acest schimb ajut\u0103, \u0219i tocmai de aceea ne-am g\u00e2ndit c\u0103 p\u00e2n\u0103 \u0219i acei 3 lei din pre\u021bul biletului merit\u0103 direc\u021bionat c\u0103tre cineva \u00een nevoie.<\/p>\n<p style=\"text-align: justify;\">E important s\u0103 ajut\u0103m, \u0219i orice gest conteaza. Tocmai de aceea am \u00eencercat s\u0103 implic\u0103m copiii cu autism, pe cei nev\u0103z\u0103tori \u00een activit\u0103\u021bi artistice \u00een cadrul festivalului. E un \u00eenceput pentru c\u0103 nu este \u00eendeajuns s\u0103 ne aducem aminte de cei \u00een nevoie doar \u00een pragul unor s\u0103rb\u0103tori, continuitatea este important\u0103 \u0219i vrem s\u0103 ducem ideea aceasta mai departe.<\/p>\n<p style=\"text-align: justify;\"><strong>Publicul, vizibil diferit \u00een orice context<\/strong><\/p>\n<p style=\"text-align: justify;\"><em>\u201dDiscrepan\u021bele publicului depind foarte mult de ceea ce li s-a oferit. Publicul vine cu anumite a\u0219tept\u0103ri \u0219i depinde foarte mult de mesajul pe care i-l transmi\u021bi. Publicul e un parametru necunoscut, chiar \u0219i atunci c\u00e2nd ai toate statisticile la \u00eendem\u00e2n\u0103.\u201d<\/em><\/p>\n<p style=\"text-align: justify;\"><strong>Nu \u00een ultimul r\u00e2nd, despre arti\u0219ti<\/strong><\/p>\n<p style=\"text-align: justify;\"><a href=\"https:\/\/artout.ro\/reviste\/blog\/wp-content\/uploads\/2016\/07\/13702393_1023942947683917_731468908_o.jpg\"><img loading=\"lazy\" class=\"alignright size-full wp-image-10296\" src=\"https:\/\/artout.ro\/reviste\/blog\/wp-content\/uploads\/2016\/07\/13702393_1023942947683917_731468908_o.jpg\" alt=\"13702393_1023942947683917_731468908_o\" width=\"1920\" height=\"1279\" data-id=\"10296\" srcset=\"https:\/\/artout.ro\/reviste\/blog\/wp-content\/uploads\/2016\/07\/13702393_1023942947683917_731468908_o.jpg 1920w, https:\/\/artout.ro\/reviste\/blog\/wp-content\/uploads\/2016\/07\/13702393_1023942947683917_731468908_o-300x199.jpg 300w, https:\/\/artout.ro\/reviste\/blog\/wp-content\/uploads\/2016\/07\/13702393_1023942947683917_731468908_o-1024x682.jpg 1024w, https:\/\/artout.ro\/reviste\/blog\/wp-content\/uploads\/2016\/07\/13702393_1023942947683917_731468908_o-624x415.jpg 624w, https:\/\/artout.ro\/reviste\/blog\/wp-content\/uploads\/2016\/07\/13702393_1023942947683917_731468908_o-900x599.jpg 900w\" sizes=\"(max-width: 1920px) 100vw, 1920px\" \/><\/a><\/p>\n<p style=\"text-align: justify;\">\n<h6 style=\"text-align: center;\">\u00a0<span style=\"font-weight: bold;\">Credit:\u00a0<\/span><span style=\"color: #4b4f56;\">Nadia Comanici<\/span><\/h6>\n<p style=\"text-align: justify;\">Marea Britanie, Rom\u00e2nia, Olanda, Ucraina, Italia, Germania, Elve\u021bia, Spania, Canada.<\/p>\n<p style=\"text-align: justify;\">Diversitatea arti\u0219tilor a f\u0103cut ca atmosfera festivalului s\u0103 fie mult mai cald\u0103, o apropiere pe care publicul era capabil s\u0103 o simt\u0103, o colaborare de excep\u021bie a c\u0103rui rezultat nu poate fi considerat dec\u00e2t unul de o \u00eenalt\u0103 calitate.<\/p>\n<p style=\"text-align: justify;\">Piani\u0219ti,violonceli\u0219ti, violoni\u0219ti, alti\u0219ti, organi\u0219ti, arti\u0219ti plastici, clarineti\u0219ti&#8230;Astfel am putea descrie Vibrate! Festival. Un asamblu de oameni deosebit de talenta\u021bi, interna\u021bionali care au interpretat cu vizibil\u0103 pl\u0103cere crea\u021bii precum Debussy- Rapsodia I, Mozart- Sonata \u00een FA major, Brahms- Cvintet cu clarinet \u0219i lista poate continua.<\/p>\n<p style=\"text-align: justify;\">Muzica \u0219i arta sunt simbolurile dorin\u021bei omului de a se exprima, sunt instrumentul prin care complexitatea actului artistic poate fi vizibil. Dialogul purtat cu pianista Diana Ionescu \u00een diminea\u021ba de 1 iulie, a fixat pentru mine o leg\u0103tur\u0103 \u00eentre om \u0219i art\u0103. Mai mult dec\u00e2t oric\u00e2nd mi-am dorit s\u0103 fiu artist, m\u0103car pentru eternitatea unei clipe, mi-am dorit s\u0103 las sunetele s\u0103-mi fie ghid. M-am l\u0103sat inspirat\u0103 de cea care a acceptat cu o deschidere extraordinar\u0103 s\u0103 stea de vorb\u0103 cu voluntara care a respirat muzica \u00een cadrul concertelor Vibrate! Festival. Am fost fascinat\u0103 de bucuria cu care vorbe\u0219te despre muzic\u0103 \u0219i art\u0103, despre dorin\u021ba de a ajuta , de contribu\u021bia pe care se str\u0103duie\u0219te s\u0103 o aduc\u0103 la evolu\u021bia percep\u021biei artei, la accentuarea puterii terapeutice a muzicii si artei.<\/p>\n<p style=\"text-align: justify;\">S\u0103 fii prezent, s\u0103 faci ceea ce \u00ee\u021bi place, s\u0103 \u00een\u021belegi c\u0103 muzica \u0219i arta sunt mult mai mult dec\u00e2t ni\u0219te parametrii impu\u0219i.- acestea sunt sfaturile primite de la Diana Ionescu .Le-am ghidat c\u0103tre subcon\u0219tientul meu, le-am preluat \u0219i a\u0219tept s\u0103 le \u00eemp\u0103rt\u0103\u0219esc la r\u00e2ndu-mi.<\/p>\n<p style=\"text-align: justify;\">Vibrate! Festival\u00a0 nu se opre\u0219te aici, continu\u0103 \u0219i inten\u021bioneaz\u0103 s\u0103 vindece orice suflet prin muzic\u0103, frumos \u0219i calitate.<\/p>\n<p style=\"text-align: justify;\"><a style=\"color: #365899;\" href=\"http:\/\/www.vibratefestival.ro\/\" target=\"_blank\" rel=\"nofollow\">http:\/\/www.vibratefestival.ro\/<\/a><\/p>\n<p><a href=\"https:\/\/artout.ro\/reviste\/blog\/wp-content\/uploads\/2016\/07\/13720610_1023942967683915_225687675_o.jpg\"><img loading=\"lazy\" class=\"wp-image-10300 aligncenter\" src=\"https:\/\/artout.ro\/reviste\/blog\/wp-content\/uploads\/2016\/07\/13720610_1023942967683915_225687675_o.jpg\" alt=\"13720610_1023942967683915_225687675_o\" width=\"598\" height=\"797\" data-id=\"10300\" srcset=\"https:\/\/artout.ro\/reviste\/blog\/wp-content\/uploads\/2016\/07\/13720610_1023942967683915_225687675_o.jpg 1440w, https:\/\/artout.ro\/reviste\/blog\/wp-content\/uploads\/2016\/07\/13720610_1023942967683915_225687675_o-225x300.jpg 225w, https:\/\/artout.ro\/reviste\/blog\/wp-content\/uploads\/2016\/07\/13720610_1023942967683915_225687675_o-768x1024.jpg 768w, https:\/\/artout.ro\/reviste\/blog\/wp-content\/uploads\/2016\/07\/13720610_1023942967683915_225687675_o-624x832.jpg 624w, https:\/\/artout.ro\/reviste\/blog\/wp-content\/uploads\/2016\/07\/13720610_1023942967683915_225687675_o-900x1200.jpg 900w\" sizes=\"(max-width: 598px) 100vw, 598px\" \/><\/a><\/p>\n<p>&nbsp;<\/p>\n<h6 style=\"text-align: center;\"><span style=\"font-weight: bold;\">Credit:\u00a0<\/span><span style=\"color: #4b4f56;\">Nadia Comanici<\/span><\/h6>\n<p>Articol scris de\u00a0Adriana Popovici<\/p>\n","protected":false},"excerpt":{"rendered":"<p>\u00cenainte de a pune \u00een ordine ideile \u0219i informa\u021biile adunate de la interviu, mi-am oferit&#8230;<\/p>\n","protected":false},"author":22,"featured_media":0,"comment_status":"open","ping_status":"open","sticky":false,"template":"","format":"standard","meta":[],"categories":[1],"tags":[],"_links":{"self":[{"href":"https:\/\/artout.ro\/reviste\/blog\/wp-json\/wp\/v2\/posts\/10294"}],"collection":[{"href":"https:\/\/artout.ro\/reviste\/blog\/wp-json\/wp\/v2\/posts"}],"about":[{"href":"https:\/\/artout.ro\/reviste\/blog\/wp-json\/wp\/v2\/types\/post"}],"author":[{"embeddable":true,"href":"https:\/\/artout.ro\/reviste\/blog\/wp-json\/wp\/v2\/users\/22"}],"replies":[{"embeddable":true,"href":"https:\/\/artout.ro\/reviste\/blog\/wp-json\/wp\/v2\/comments?post=10294"}],"version-history":[{"count":1,"href":"https:\/\/artout.ro\/reviste\/blog\/wp-json\/wp\/v2\/posts\/10294\/revisions"}],"predecessor-version":[{"id":10302,"href":"https:\/\/artout.ro\/reviste\/blog\/wp-json\/wp\/v2\/posts\/10294\/revisions\/10302"}],"wp:attachment":[{"href":"https:\/\/artout.ro\/reviste\/blog\/wp-json\/wp\/v2\/media?parent=10294"}],"wp:term":[{"taxonomy":"category","embeddable":true,"href":"https:\/\/artout.ro\/reviste\/blog\/wp-json\/wp\/v2\/categories?post=10294"},{"taxonomy":"post_tag","embeddable":true,"href":"https:\/\/artout.ro\/reviste\/blog\/wp-json\/wp\/v2\/tags?post=10294"}],"curies":[{"name":"wp","href":"https:\/\/api.w.org\/{rel}","templated":true}]}}